{"id":9890,"date":"2018-01-10T20:09:28","date_gmt":"2018-01-10T19:09:28","guid":{"rendered":"http:\/\/instytutdidaskalos.pl\/?p=9890"},"modified":"2018-01-10T20:09:28","modified_gmt":"2018-01-10T19:09:28","slug":"siedem-aspektow-twojego-potencjalu","status":"publish","type":"post","link":"https:\/\/test.instytutdidaskalos.pl\/?p=9890","title":{"rendered":"Siedem aspekt\u00f3w twojego potencja\u0142u"},"content":{"rendered":"<blockquote><p>G\u0142\u0119boko w cz\u0142owieku zamieszkuj\u0105 te drzemi\u0105ce si\u0142y: si\u0142y, kt\u00f3re zdumia\u0142yby go, gdy\u017c nigdy nawet nie marzy\u0142 o ich posiadaniu; si\u0142y, kt\u00f3re zrewolucjonizowa\u0142yby jego \u017cycie, gdyby obudzi\u0142 je i uruchomi\u0142.<\/p>\n<p>Orison Swett Marden<\/p><\/blockquote>\n<p><!--more--><\/p>\n<h3>Potencja\u0142 do rozwoju osobistego (w\u0142\u0105czaj\u0105c w to rozw\u00f3j duchowy)<\/h3>\n<ul>\n<li><em>Czy jeste\u015b ju\u017c tym wszystkim, kim mog\u0142e\u015b si\u0119 sta\u0107? Czy mo\u017cesz rozwija\u0107 si\u0119 dalej, czy te\u017c dotar\u0142e\u015b ju\u017c do granic swojego potencja\u0142u?<\/em><\/li>\n<\/ul>\n<p>My\u015bl\u0119, \u017ce chyba nikt z nas nie mo\u017ce powiedzie\u0107, \u017ce ju\u017c sta\u0142 si\u0119 tym, kim m\u00f3g\u0142 si\u0119 sta\u0107 i \u017ce ju\u017c nie jest w stanie dalej si\u0119 rozwija\u0107. Czy mo\u017cesz o sobie powiedzie\u0107: <em>Ja ju\u017c nie mog\u0119 sta\u0107 si\u0119 lepszym cz\u0142owiekiem. Ja ju\u017c nie mog\u0119 niczego si\u0119 nauczy\u0107. Ja ju\u017c nie mog\u0119 bardziej wzrasta\u0107 duchowo. Ja ju\u017c nie mog\u0119 by\u0107 kulturalniejszym cz\u0142owiekiem. Po prostu nie mog\u0119 bardziej si\u0119 rozwin\u0105\u0107, poniewa\u017c rozwin\u0105\u0142em si\u0119 do granic swoich mo\u017cliwo\u015bci.<\/em> Wi\u0119kszo\u015b\u0107 z nas nie mo\u017ce tak powiedzie\u0107, poniewa\u017c nie dotarli\u015bmy jeszcze do limitu swojego potencja\u0142u w rozwoju osobistym. Mamy potencja\u0142 ku temu, aby wzrasta\u0107 i stawa\u0107 si\u0119 lepszymi lud\u017ami.<\/p>\n<blockquote><p>B\u00f3g chce, aby\u015bmy stawali si\u0119 lepszymi lud\u017ami.<\/p><\/blockquote>\n<p>Potencja\u0142 odnosi si\u0119 do tego, kim mo\u017cesz si\u0119 sta\u0107. S\u0105 to tak\u017ce umiej\u0119tno\u015bci, w kt\u00f3rych mo\u017cesz celowa\u0107.<\/p>\n<h3>Potencja\u0142 do prowadzenia dobrego \u017cycia<\/h3>\n<ul>\n<li><em>Czy twoje \u017cycie mog\u0142oby by\u0107 lepsze?<\/em><\/li>\n<\/ul>\n<p>Zastan\u00f3w si\u0119 przez chwil\u0119 nad tym pytaniem. Gdy ja pytam samego siebie:<\/p>\n<ul>\n<li><em>Czy moje ma\u0142\u017ce\u0144stwo mog\u0142oby by\u0107 lepsze?<\/em><\/li>\n<li><em>Czy moja rodzina mog\u0142aby by\u0107 lepsza?<\/em><\/li>\n<li><em>Czy moje osobiste \u017cycie mog\u0142oby by\u0107 lepsze?<\/em><\/li>\n<li><em>Czy m\u00f3g\u0142bym podnie\u015b\u0107 swoje \u017cycie na wy\u017cszy poziom?<\/em><\/li>\n<\/ul>\n<p>to na tego typu pytania odpowiem \u201eTak\u201d. Zwykle jest co\u015b, co mo\u017ce by\u0107 zrobione, aby \u017cycie by\u0142o lepsze. W moim \u017cyciu jest du\u017co przestrzeni w r\u00f3\u017cnych jego dziedzinach do poprawy.<\/p>\n<blockquote><p>Nie jeste\u015bmy skazani na okoliczno\u015bci, a nasze \u017cycie nie jest kar\u0105. Jest ono dobrym darem od Boga. Mo\u017cemy uczyni\u0107 je o wiele lepszym.<\/p><\/blockquote>\n<p>Masz potencja\u0142 ku temu, aby twoje istnienie sta\u0142o si\u0119 lepsze. Pan Jezus przyszed\u0142, aby obdarzy\u0107 nas dobrym \u017cyciem (J 10:10). Dlaczeg\u00f3\u017c wi\u0119c nie mieliby\u015bmy skorzysta\u0107 z tego, co ma nam do zaoferowania? Dlaczego nie mieliby\u015bmy podnie\u015b\u0107 nasze \u017cycie na wy\u017cszy poziom? Dlaczego nie mieliby\u015bmy wzrasta\u0107 i rozwija\u0107 si\u0119 w r\u00f3\u017cnych dziedzinach swojego \u017cycia?<\/p>\n<blockquote><p>\u015awiadomo\u015b\u0107 samego siebie \u2013 znajomo\u015b\u0107 w\u0142asnej natury, zdolno\u015bci oraz sposobu reagowania na ludzi i zdarzenia \u2013 stanowi prawdopodobnie najcenniejsz\u0105 z umiej\u0119tno\u015bci niezb\u0119dnych, by odpowiednio pokierowa\u0107 swym \u017cyciem. Im lepiej poznasz samego siebie, tym trafniejsze b\u0119d\u0105 twoje decyzje. Z kolei im trafniejsze decyzje b\u0119dziesz podejmowa\u0142, tym bardziej udane b\u0119dzie twe \u017cycie.<a href=\"#_ftn1\" name=\"_ftnref1\">*<\/a><\/p>\n<p>Jim Cathcart<\/p><\/blockquote>\n<h3>Potencja\u0142 do prowadzenia skutecznej s\u0142u\u017cby<\/h3>\n<ul>\n<li><em>Czy m\u00f3g\u0142by\u015b rozwija\u0107 si\u0119 w swojej s\u0142u\u017cbie? Czy mo\u017cesz swoj\u0105 s\u0142u\u017cb\u0119 podnie\u015b\u0107 na wy\u017cszy poziom? Czy twoja s\u0142u\u017cba mog\u0142aby wywiera\u0107 wi\u0119kszy wp\u0142yw na twoje \u015brodowisko? Czy mo\u017cesz skuteczniej pomaga\u0107 ludziom?<\/em><\/li>\n<\/ul>\n<p>Je\u015bli odpowied\u017a na te pytanie brzmi tak, to znaczy, \u017ce masz potencja\u0142 ku temu, aby nie tylko by\u0107 zaanga\u017cowanym w s\u0142u\u017cb\u0119, ale te\u017c wywiera\u0107 poprzez ni\u0105 znacz\u0105cy wp\u0142yw. Jeste\u015bmy przez Boga stworzeni do czynienia dobra i s\u0142u\u017cenia innym. Dla ka\u017cdego z nas jest wi\u0119c miejsce do zaanga\u017cowania si\u0119 w s\u0142u\u017cb\u0119 zgodnie z naszym potencja\u0142em i wzrastanie w niej.<\/p>\n<blockquote><p>Jeste\u015b obdarzony przez Boga niezwyk\u0142ym potencja\u0142em do rozwoju skutecznej s\u0142u\u017cby.<\/p><\/blockquote>\n<h3>Potencja\u0142 do prowadzenia satysfakcjonuj\u0105cej pracy zawodowej<\/h3>\n<ul>\n<li><em>Czy jeste\u015b ju\u017c w pe\u0142ni usatysfakcjonowany swoj\u0105 praca zawodow\u0105? Czy pracujesz w tym zawodze, w kt\u00f3rym powiniene\u015b pracowa\u0107? Czy w twoim \u017cyciu jest miejsce na rozw\u00f3j zawodowy?<\/em><\/li>\n<\/ul>\n<p>Dla wielu ludzi praca jest jedynie sposobem na zarabianie pieni\u0119dzy, najcz\u0119\u015bciej nu\u017c\u0105cym i drenuj\u0105cym emocjonalnie. Wielu Polak\u00f3w jest zm\u0119czonych wykonywan\u0105 przez siebie prac\u0105. Nawet nie chc\u0105 o niej rozmawia\u0107. Dla nich praca nie jest miejscem realizacji pasji. Nie daje im rado\u015bci. Pracuj\u0105 tylko po to, aby zarabia\u0107 pieni\u0105dze. Gdyby przestano im p\u0142aci\u0107, natychmiast przestaliby j\u0105 wykonywa\u0107.<\/p>\n<blockquote><p>Zastanawiasz si\u0119 dlaczego autobusy i tramwaje z lud\u017ami jad\u0105cymi do pracy wydaj\u0105 si\u0119 tak ponure i nieprzyjazne? &#8222;Siedemdziesi\u0105t procent z nas jedzie do pracy bez cienia entuzjazmu czy pozytywnych uczu\u0107&#8221;. Wi\u0119kszo\u015b\u0107 zwyk\u0142ych zjadaczy chleba sp\u0119dzi po\u0142ow\u0119 swego czasu w \u017cyciu, snuj\u0105c si\u0119 ulicami smutku i beznadziei.<\/p>\n<p>Taka powszechna bieda mo\u017ce skwasi\u0107 ka\u017cd\u0105 rodzinn\u0105 atmosfer\u0119, nape\u0142ni\u0107 knajpy lud\u017ami spragnionymi pocieszenia, zapewni\u0107 sowite pensje terapeutom. Je\u015bli siedemdziesi\u0105t procent z nas nienawidzi poniedzia\u0142ku i \u017cyje, aby tylko dotrwa\u0107 do weekendu, czy nie wp\u0142ynie to na relacje z innymi lud\u017ami? Nie obni\u017cy wydajno\u015bci pracy? Nie zepsuje zdrowia? Badania wykaza\u0142y, \u017ce \u201eproblemy w pracy maj\u0105 ogromny wp\u0142yw na stan zdrowia, wi\u0119kszy nawet ni\u017c inne czynniki stresogenne, jak k\u0142opoty finansowe czy nieporozumienia rodzinne&#8221;.<a href=\"#_ftn2\" name=\"_ftnref2\">*<\/a><\/p>\n<p>Max Lucado<\/p><\/blockquote>\n<p>Praca mo\u017ce by\u0107 czym\u015b o wiele wi\u0119cej ni\u017c tylko nu\u017c\u0105cym sposobem zarabiania na chleb. Mo\u017cemy wybra\u0107 dla siebie zaw\u00f3d, kt\u00f3ry b\u0119dzie sprawia\u0142 nam rado\u015b\u0107 i dawa\u0142 satysfakcj\u0119, a przy tym zarobimy na swoje utrzymanie.<\/p>\n<blockquote><p>Praca nie jest przekle\u0144stwem, ale Bo\u017cym b\u0142ogos\u0142awie\u0144stwem.<\/p><\/blockquote>\n<p>B\u00f3g stworzy\u0142 prac\u0119. Co wi\u0119cej, stworzy\u0142 nas do okre\u015blonych rodzaj\u00f3w pracy. Pracuj\u0105c w oparciu o sw\u00f3j potencja\u0142, praca b\u0119dzie dawa\u0142a nam spe\u0142nienie i satysfakcj\u0119. Mamy potencja\u0142, aby wej\u015b\u0107 w takie miejsce. To nie jest tak, \u017ce jeste\u015bmy skazani na jak\u0105kolwiek prac\u0119. Czasami s\u0105 takie okresy w \u017cyciu, w kt\u00f3rych cz\u0142owiek musi zajmowa\u0107 si\u0119 tym, co nie w pe\u0142ni mu odpowiada, ale to nie musi by\u0107 stan ostateczny. Mo\u017cemy mie\u0107 prac\u0119, kt\u00f3ra b\u0119dzie dla nas b\u0142ogos\u0142awie\u0144stwem, \u017ar\u00f3d\u0142em satysfakcji i kt\u00f3ra b\u0119dzie sprzyja\u0142a naszemu rozwojowi osobistemu.<\/p>\n<blockquote><p>Kochaj to, co robisz, a je\u015bli nie kochasz, zajmij si\u0119 czym\u015b innym. Nie podejmuj jakiejkolwiek decyzji, czy to w pracy, czy w \u017cyciu prywatnym, tylko po to, by kogo\u015b zadowoli\u0107 lub wypa\u015b\u0107 wysoko na czyjej\u015b skali sukcesu. Wybierz sobie zaj\u0119cie, kt\u00f3re anga\u017cuje twoje serce i umys\u0142. Dokonaj takiego wyboru, aby\u015b m\u00f3g\u0142 odda\u0107 pracy ca\u0142ego siebie.<\/p>\n<p>Carla Fiorina<\/p><\/blockquote>\n<h3>Potencja\u0142 do zarabiania pieni\u0119dzy<\/h3>\n<ul>\n<li><em>Czy jest mo\u017cliwym, aby\u015b zarabia\u0142 wi\u0119cej?<\/em><\/li>\n<\/ul>\n<p>Prawdopodobnie mo\u017cesz zarabia\u0107 wi\u0119cej, a tak\u017ce zwi\u0119kszy\u0107 sw\u00f3j przych\u00f3d. Czy b\u0119dzie to proste? Niekoniecznie.<\/p>\n<blockquote><p>Masz potencja\u0142, aby zwi\u0119kszy\u0107 sw\u00f3j przych\u00f3d i mo\u017cesz zarabia\u0107 o wiele wi\u0119cej ni\u017c ci si\u0119 wydaje.<\/p><\/blockquote>\n<p>John Wesley uczy\u0142:<\/p>\n<blockquote><p>Zarabiaj ile mo\u017cesz. Oszcz\u0119dzaj ile mo\u017cesz. Rozdawaj ile mo\u017cesz.<\/p><\/blockquote>\n<p>Zdrowego chrze\u015bcijanina postrzega\u0142 jako osob\u0119, kt\u00f3ra nie jest zwi\u0105zana <em>mamon\u0105<\/em>, ale przy tym zarabia tyle, ile mo\u017ce. Poprzez swoj\u0105 wypowied\u017a chcia\u0142 powiedzie\u0107, \u017ce powinni\u015bmy zarabia\u0107 jak najwi\u0119cej, wydawa\u0107 jak najmniej i rozdawa\u0107 tyle ile mo\u017cemy.<\/p>\n<p>Niekt\u00f3rzy m\u00f3wi\u0105: <em>Nie potrzebuj\u0119 zwi\u0119ksza\u0107 swojego przychodu, poniewa\u017c dla mnie wystarcza<\/em>. Mo\u017ce dla ciebie wystarcza, ale dla innych nie wystarcza. Wok\u00f3\u0142 ciebie jest wiele os\u00f3b, kt\u00f3rym trzeba pom\u00f3c i w kt\u00f3re nale\u017cy zainwestowa\u0107. S\u0142owo Bo\u017ce zach\u0119ca nas do szczodrego dawania (2 Kor 9:6-12). Nakaz ten mi\u0119dzy innymi wynika st\u0105d, \u017ce mo\u017cemy na tyle zarabia\u0107, aby m\u00f3c szczodrze \u0142o\u017cy\u0107 na wszelk\u0105 dobr\u0105 spraw\u0119.<\/p>\n<p>Dla wi\u0119kszo\u015bci os\u00f3b w dziedzinie finans\u00f3w mo\u017cliwe s\u0105 dwie rzeczy:<\/p>\n<ul>\n<li>Zmniejszenie wydatk\u00f3w i w ten spos\u00f3b zaoszcz\u0119dzenie pieni\u0119dzy.<\/li>\n<li>Zwi\u0119kszenie dochodu.<\/li>\n<\/ul>\n<h3>Potencja\u0142 do zrodzenia i stworzenia<\/h3>\n<ul>\n<li><em>Co mo\u017cesz zrodzi\u0107?<\/em><\/li>\n<li><em>Co mo\u017cesz stworzy\u0107 \/ wybudowa\u0107 \/ wyprodukowa\u0107?<\/em><\/li>\n<\/ul>\n<p><strong>Mo\u017cesz powo\u0142a\u0107 do bytu to, co nie istnieje<\/strong><\/p>\n<p>Przyk\u0142adem tego aspektu potencja\u0142u jest historia Abrama. Kiedy\u015b skar\u017cy\u0142 si\u0119 Bogu, \u017ce zejdzie z tego \u015bwiata bezdzietny, na co B\u00f3g odpowiedzia\u0142 mu, \u017ce jego potomstwo b\u0119dzie tak liczne, jak gwiazdy na niebie. P\u00f3\u017aniej Pan B\u00f3g powiedzia\u0142 Abramowi, \u017ce b\u0119dzie ojcem wielu narod\u00f3w i zmieni\u0142 jego imi\u0119 na Abraham, ustanawiaj\u0105c go ojcem wielu narod\u00f3w. Oznajmi\u0142 mu:<\/p>\n<blockquote><p>Pomno\u017c\u0119 wi\u0119 ciebie ponad miar\u0119 i wywiod\u0119 z ciebie narody, i kr\u00f3lowie pochodzi\u0107 b\u0119d\u0105 z cciebie.<\/p>\n<p>Rodzaju 17:6<\/p><\/blockquote>\n<p>Abraham uwierzy\u0142 Bogu i faktycznie sta\u0142o si\u0119 tak, jak B\u00f3g przepowiedzia\u0142. W l\u0119d\u017awiach Abrahama mieszka\u0142y ca\u0142e narody, kt\u00f3re mog\u0142y by\u0107 i zosta\u0142y zrodzone.<\/p>\n<p>Ty w sobie tez masz potencja\u0142, aby zrodzi\u0107 co\u015b, co jeszcze nie istnieje.<\/p>\n<p><strong>Mo\u017cesz tworzy\u0107<\/strong><\/p>\n<p>Ka\u017cdy z nas mo\u017ce co\u015b w swoim \u017cyciu stworzy\u0107 \/ wybudowa\u0107 \/ wyprodukowa\u0107. Jeste\u015bmy stworzeni na podobie\u0144stwo Boga, kt\u00f3ry jest Stw\u00f3rc\u0105 i w nas jest Jego kreatywna cz\u0105stka. Dzi\u0119ki niej mo\u017cemy tworzy\u0107 i budowa\u0107.<\/p>\n<blockquote><p>Jedn\u0105 z rzeczy, kt\u00f3ra odr\u00f3\u017cnia nas od zwierz\u0105t jest umiej\u0119tno\u015b\u0107 tworzenia. Zostali\u015bmy stworzeni na podobie\u0144stwo Bo\u017ce z unikaln\u0105 zdolno\u015bci\u0105 tworzenia i budowania.<\/p><\/blockquote>\n<p>Wi\u0119c tak naprawd\u0119 pytanie nie brzmi: <em>Czy mo\u017cesz co\u015b stworzy\u0107?<\/em>, ale: <em>Co mo\u017cesz stworzy\u0107? Co mo\u017cesz wybudowa\u0107?<\/em>.<\/p>\n<h3>Potencja\u0142 do pomno\u017cenia<\/h3>\n<ul>\n<li><em>Jak mo\u017cesz pomno\u017cy\u0107 to, co zosta\u0142o ci powierzone?<\/em><\/li>\n<li><em>Jakiego rodzaju ludzi mo\u017cesz uformowa\u0107?<\/em><\/li>\n<\/ul>\n<p><strong>Mo\u017cesz pomno\u017cy\u0107 to, co zosta\u0142o ci powierzone<\/strong><\/p>\n<p>Kiedy\u015b Pan Jezus opowiedzia\u0142 podobie\u0144stwo o talentach (Mt 25:14-30). M\u00f3wi ona o bogatym cz\u0142owieku, kt\u00f3ry wyje\u017cd\u017caj\u0105c przekaza\u0142 sw\u00f3j maj\u0105tek swoim s\u0142ugom i nakaza\u0142 im go pomno\u017cy\u0107. Po d\u0142ugim czasie powr\u00f3ci\u0142 i rozliczy\u0142 swoje s\u0142ugi z tego, co zrobili z Jego maj\u0105tkiem.<\/p>\n<p>Podobie\u0144stwo to m\u00f3wi o \u017cyciu chrze\u015bcijanina, kt\u00f3ry jest w swej naturze s\u0142ug\u0105 Pana. Ka\u017cdemu z nas zosta\u0142y dane pewne talenty i mo\u017cemy, a nawe powinni\u015bmy nimi obraca\u0107, tak aby pomno\u017cyc to, co zosta\u0142o nam dane i aby w ten spos\u00f3b nasz Pan <em>skorzysta\u0142 <\/em>na naszym \u017cyciu.<\/p>\n<p>Nie tylko otrzyma\u0142e\u015b od Boga pewne talenty i potencja\u0142, ale jeszcze mo\u017cesz nimi obr\u00f3ci\u0107 i pomno\u017cy\u0107 je.<\/p>\n<p><strong>Mo\u017cesz pomno\u017cy\u0107 siebie w innych ludziach<\/strong><\/p>\n<p>Gdy B\u00f3g stworzy\u0142 pierwszych ludzi powiedzia\u0142 im:<\/p>\n<blockquote><p>Rozradzajcie si\u0119 i rozmna\u017cajcie si\u0119, i nape\u0142niajcie ziemi\u0119, i czy\u0144cie j\u0105 sobie poddan\u0105.<\/p>\n<p>Rodzaju 1:28b<\/p><\/blockquote>\n<p>S\u0105 to niesamowite s\u0142owa, kt\u00f3re wyra\u017caj\u0105 potencja\u0142 cz\u0142owieka do rozmna\u017cania si\u0119 i pomna\u017cania. Pr\u00f3cz prokreacji istnieje jeszcze jeden wymiar tego zagadnienia \u2013 mo\u017cemy pozostawi\u0107 po sobie podobnych nam ludzi. Mo\u017cemy formowa\u0107 ludzi wed\u0142ug naszej natury. Na przyk\u0142ad:<\/p>\n<ul>\n<li>Chrze\u015bcijanin mo\u017ce formowa\u0107 innych chrze\u015bcijan.<\/li>\n<li>Biznesmen mo\u017ce formowa\u0107 innych biznesmen\u00f3w.<\/li>\n<li>Nauczyciel mo\u017ce formowa\u0107 innych nauczycieli.<\/li>\n<\/ul>\n<p>To kim jeste\u015bmy, a tak\u017ce nasza praca, mo\u017ce pomno\u017cy\u0107 si\u0119 w innych ludziach, kt\u00f3rych w czasie naszego \u017cycia ukszta\u0142tujemy.<\/p>\n<h3><a href=\"http:\/\/instytutdidaskalos.pl\/wp-content\/uploads\/2018\/01\/david-charles-schuett-363769.jpg\"><img decoding=\"async\" loading=\"lazy\" class=\"aligncenter size-full wp-image-9894\" src=\"http:\/\/instytutdidaskalos.pl\/wp-content\/uploads\/2018\/01\/david-charles-schuett-363769.jpg\" alt=\"david-charles-schuett-363769\" width=\"534\" height=\"800\"><\/a>Praktyczne zastosowanie<\/h3>\n<ol>\n<li>Do czego wed\u0142ug ciebie jako ludzie mamy potencja\u0142?<\/li>\n<li>Zastan\u00f3w si\u0119 nad poni\u017cszymi aspektami potencja\u0142u:<\/li>\n<\/ol>\n<ul>\n<li>Czym jest potencja\u0142 do rozwoju osobistego? W jaki spos\u00f3b mo\u017cemy si\u0119 rozwija\u0107?<\/li>\n<li>Czym jest potencja\u0142 do dobrego \u017cycia? W jaki spos\u00f3b nasze \u017cycie mo\u017ce by\u0107 lepsze?<\/li>\n<li>Czym jest potencja\u0142 do prowadzenia skutecznej s\u0142u\u017cby? Co mo\u017cemy zrobi\u0107, aby nasza s\u0142u\u017cba by\u0142a skuteczniejsza?<\/li>\n<li>Czym jest potencja\u0142 do prowadzenia satysfakcjonuj\u0105cej pracy? Co jest konieczne, aby nasza praca by\u0142a satysfakcjonuj\u0105ca?<\/li>\n<li>Czym jest potencja\u0142 do zarabiania pieni\u0119dzy? Co mo\u017cemy zrobi\u0107, aby zarabia\u0107 wi\u0119cej?<\/li>\n<li>Czym jest potencja\u0142 do zrodzenia (stworzenia, wybudowania, wyprodukowania)? Jak mo\u017cemy odkry\u0107 to, co powinni\u015bmy po sobie pozostawi\u0107?<\/li>\n<li>Czym jest potencja\u0142 do pomno\u017cenia si\u0119? Co mo\u017cemy w ci\u0105gu swojego \u017cycia pomno\u017cy\u0107?<\/li>\n<\/ul>\n<ol start=\"3\">\n<li>Czy masz potencja\u0142 do wzrostu?<\/li>\n<\/ol>\n<p>Photo credit: <a href=\"https:\/\/unsplash.com\/\">unsplash.com<\/a>;&nbsp; <a href=\"https:\/\/unsplash.com\/@dcharlesschuett\">David Charles Schuett<\/a><\/p>\n<p><a href=\"#_ftnref1\" name=\"_ftn1\">*<\/a> Jim Cathcart, <em>Od \u017co\u0142\u0119dzia do d\u0119bu. Czyli jak pozna\u0107 i rozwin\u0105\u0107 wrodzone predyspozycje<\/em>, Wydawnictwo MT Biznes sp. Z o.o, Warszawa, s. 29.<\/p>\n<p><a href=\"#_ftnref2\" name=\"_ftn2\">*<\/a> Max Lucado, <em>Wieloryb nie mo\u017ce lata\u0107<\/em>, Wydawnictwo Polskiej Prowincji Dominikan\u00f3w W drodze, 2009, s. 23-24.<\/p>\n","protected":false},"excerpt":{"rendered":"<p>G\u0142\u0119boko w cz\u0142owieku zamieszkuj\u0105 te drzemi\u0105ce si\u0142y: si\u0142y, kt\u00f3re zdumia\u0142yby go, gdy\u017c nigdy nawet nie marzy\u0142 o ich posiadaniu; si\u0142y, kt\u00f3re zrewolucjonizowa\u0142yby jego \u017cycie, gdyby obudzi\u0142 je i uruchomi\u0142.<\/p>\n","protected":false},"author":1,"featured_media":9894,"comment_status":"open","ping_status":"open","sticky":false,"template":"","format":"standard","meta":{"_et_pb_use_builder":"","_et_pb_old_content":"","_et_gb_content_width":"","ngg_post_thumbnail":0},"categories":[158,10,49,103,12,126],"tags":[1573,1574,155,260,1575,232,1576,90,1487,675,1577,63,394,1578,1579,257,285,1580,101,432,1399,1581,164,189,190,1582,1499,238,239],"jetpack_featured_media_url":"","_links":{"self":[{"href":"https:\/\/test.instytutdidaskalos.pl\/index.php?rest_route=\/wp\/v2\/posts\/9890"}],"collection":[{"href":"https:\/\/test.instytutdidaskalos.pl\/index.php?rest_route=\/wp\/v2\/posts"}],"about":[{"href":"https:\/\/test.instytutdidaskalos.pl\/index.php?rest_route=\/wp\/v2\/types\/post"}],"author":[{"embeddable":true,"href":"https:\/\/test.instytutdidaskalos.pl\/index.php?rest_route=\/wp\/v2\/users\/1"}],"replies":[{"embeddable":true,"href":"https:\/\/test.instytutdidaskalos.pl\/index.php?rest_route=%2Fwp%2Fv2%2Fcomments&post=9890"}],"version-history":[{"count":0,"href":"https:\/\/test.instytutdidaskalos.pl\/index.php?rest_route=\/wp\/v2\/posts\/9890\/revisions"}],"wp:featuredmedia":[{"embeddable":true,"href":"https:\/\/test.instytutdidaskalos.pl\/index.php?rest_route=\/"}],"wp:attachment":[{"href":"https:\/\/test.instytutdidaskalos.pl\/index.php?rest_route=%2Fwp%2Fv2%2Fmedia&parent=9890"}],"wp:term":[{"taxonomy":"category","embeddable":true,"href":"https:\/\/test.instytutdidaskalos.pl\/index.php?rest_route=%2Fwp%2Fv2%2Fcategories&post=9890"},{"taxonomy":"post_tag","embeddable":true,"href":"https:\/\/test.instytutdidaskalos.pl\/index.php?rest_route=%2Fwp%2Fv2%2Ftags&post=9890"}],"curies":[{"name":"wp","href":"https:\/\/api.w.org\/{rel}","templated":true}]}}