{"id":9692,"date":"2017-10-18T21:36:32","date_gmt":"2017-10-18T19:36:32","guid":{"rendered":"http:\/\/instytutdidaskalos.pl\/?p=9692"},"modified":"2017-10-18T21:36:32","modified_gmt":"2017-10-18T19:36:32","slug":"wyzwol-sie-z-sidel-strachu","status":"publish","type":"post","link":"https:\/\/test.instytutdidaskalos.pl\/?p=9692","title":{"rendered":"Wyzw\u00f3l si\u0119 z side\u0142 strachu"},"content":{"rendered":"<h3><a href=\"http:\/\/instytutdidaskalos.pl\/wp-content\/uploads\/2017\/10\/IMG_1712_siec_Dorota_Mytych.jpg\"><img decoding=\"async\" loading=\"lazy\" class=\"aligncenter size-full wp-image-9695\" src=\"http:\/\/instytutdidaskalos.pl\/wp-content\/uploads\/2017\/10\/IMG_1712_siec_Dorota_Mytych.jpg\" alt=\"IMG_1712_siec_Dorota_Mytych\" width=\"800\" height=\"533\"><\/a>&nbsp;Od strachu do wiary<\/h3>\n<p>Kiedy\u015b do Jezusa przyst\u0105pi\u0142 ojciec, kt\u00f3rego c\u00f3rka kona\u0142a. B\u0142aga\u0142 Go, aby przyszed\u0142 do jego domu i uzdrowi\u0142 dziecko. Jednak zanim to si\u0119 sta\u0142o dziewczynka zmar\u0142a.<a href=\"#_ftn1\" name=\"_ftnref1\">*<\/a> Gdy wydawa\u0142o si\u0119, \u017ce ju\u017c jest po wszystkim, Jezus zwr\u00f3ci\u0142 si\u0119 do ojca:<\/p>\n<blockquote><p><a href=\"http:\/\/instytutdidaskalos.pl\/zarzadzanie-soba\/nie-boj-sie-tylko-wierz?preview=true&amp;preview_id=6707&amp;preview_nonce=4987b7bbe3&amp;post_format=standard\">Nie b\u00f3j si\u0119, tylko wierz!<\/a><\/p><\/blockquote>\n<p>Wzi\u0105wszy pod uwag\u0119 okoliczno\u015bci, by\u0142a to rada, kt\u00f3r\u0105 nie tak \u0142atwo zastosowa\u0107. Gdy m\u00f3j syn z powodu guza z\u0142o\u015bliwego m\u00f3zgu by\u0142 na granicy pomi\u0119dzy \u017cyciem, a \u015bmierci\u0105 mog\u0142em ba\u0107 si\u0119, \u017ce umrze, albo wierzy\u0107, \u017ce b\u0119dzie \u017cy\u0142. Oczywi\u015bcie w tak trudnych, traumatycznych momentach nie jest to proste, poniewa\u017c cz\u0142owiek jest wtedy miotany skrajnymi emocjami. W takich okresach ma sk\u0142onno\u015b\u0107 do bezw\u0142adnego wirowania pomi\u0119dzy ciemno\u015bci\u0105, a \u015bwiat\u0142o\u015bci\u0105; beznadziej\u0105, a nadziej\u0105; l\u0119kiem, a wiar\u0105. Naturalnym jest wtedy <em>ze\u015blizgiwanie si\u0119<\/em> do l\u0119k\u00f3w i strach\u00f3w, do odtwarzania w g\u0142owie r\u00f3\u017cnych, mo\u017cliwych czarnych scenariuszy. Trudnym i nienaturalnym natomiast jest w takich chwilach zachowywa\u0107 wiar\u0119; patrze\u0107 w przysz\u0142o\u015b\u0107 i widzie\u0107 pozytywne obrazy; wierzy\u0107, \u017ce ostatecznie wszystko dobrze si\u0119 u\u0142o\u017cy.<\/p>\n<p><!--more--><\/p>\n<p>Jednak nie tylko w trudnych sytuacjach mamy sk\u0142onno\u015b\u0107 do \u017cycia kierowanego, blokowanego i parali\u017cowanego obawami, l\u0119kami i strachami. Naj\u0142atwiej jest si\u0119 ba\u0107, odtwarza\u0107 sobie w g\u0142owie czarne scenariusze i nie ryzykowa\u0107 z obawy przed b\u0142\u0119dem i pora\u017ck\u0105. Po prostu \u0142atwiej jest nurza\u0107 si\u0119 w pesymizmie, czarnowidztwie i mroku, ni\u017c podj\u0105\u0107 si\u0119 trudu wiary i pracy wbrew niesprzyjaj\u0105cym okoliczno\u015bciom.<\/p>\n<p>Zar\u00f3wno strach, jak i wiara s\u0105 wyborem, kt\u00f3ry formuje to, kim si\u0119 stajemy, jak si\u0119 czujemy, jak postrzegamy swoje \u017cycie i ostatecznie to, z jak\u0105 klas\u0105 \u017cyjemy.<\/p>\n<p>Gdy boimy si\u0119, jeste\u015bmy sparali\u017cowani z\u0142em, kt\u00f3re wyobra\u017camy sobie, \u017ce mo\u017ce nam si\u0119 wydarzy\u0107; natomiast gdy wierzymy, widzimy w swoim sercu dobre obrazy, kt\u00f3re mog\u0105 si\u0119 wydarzy\u0107 i dla kt\u00f3rych warto \u017cy\u0107.<\/p>\n<p>Nie musisz \u017cy\u0107 w granicach, jakie wytyczaj\u0105 ci l\u0119ki i strachy, nie musisz te\u017c by\u0107 im poddany. Mo\u017cesz \u017cy\u0107 wiar\u0105. Jest ona wyborem. I ten wyb\u00f3r, jak to ju\u017c wcze\u015bniej wspomnia\u0142em, formuje to, kim si\u0119 stajemy, jak si\u0119 czujemy, jak postrzegamy swoje \u017cycie i w ko\u0144cu to, z jak\u0105 klas\u0105 \u017cyjemy.<\/p>\n<h3>Od strachu do wolno\u015bci<\/h3>\n<blockquote><p>Strach jest korzystny tylko jako sygna\u0142, \u017ce co\u015b mo\u017ce stanowi\u0107 zagro\u017cenie.<\/p><\/blockquote>\n<p>Strach jest jak czujnik cofania w aucie. Jest u\u017cyteczny, bo sygnalizuje, \u017ce za autem znajduje si\u0119 jaka\u015b przeszkoda. Gdy si\u0119 uaktywnia, b\u0119d\u0105c odpowiedzialnym kierowc\u0105 powinienem zatrzyma\u0107 cofanie pojazdu, aby sprawdzi\u0107, co si\u0119 za nim znajduje. Je\u015bli jednak m\u00f3j czujnik by\u0142by aktywny przez ca\u0142y czas, niezale\u017cnie od tego, czy za pojazdem co\u015b si\u0119 znajduje, czy te\u017c nie, to oznacza\u0142oby, \u017ce powinienem go naprawi\u0107.<\/p>\n<p>Odczucie l\u0119ku ma si\u0119 sprowadza\u0107 tylko do jednego z sygna\u0142\u00f3w, kt\u00f3re bior\u0119 pod uwag\u0119 w procesie decyzyjnym. Taka jest w\u0142a\u015bnie rola i miejsce strachu, ma nam sygnalizowa\u0107 zagro\u017cenie, kt\u00f3re powinni\u015bmy przeanalizowa\u0107, aby podj\u0105\u0107 w\u0142a\u015bciw\u0105 decyzj\u0119. Strach nie jest po to, aby nami zaw\u0142adn\u0105\u0107, skorumpowa\u0107 nas, sparali\u017cowa\u0107 i uwi\u0119zi\u0107. Strach nie mo\u017ce te\u017c by\u0107 naszym sposobem na \u017cycie.<\/p>\n<blockquote><p>L\u0119ku nie da si\u0119, ani nie nale\u017cy ca\u0142kowicie wyeliminowa\u0107, warto jednak ograniczy\u0107 go do w\u0142a\u015bciwego mu miejsca i nauczy\u0107 si\u0119 z nim \u017cy\u0107.<\/p><\/blockquote>\n<p>W tej kwestii l\u0119k przypomina <em>b\u00f3l<\/em>. Odczuwanie b\u00f3lu jest potrzebne, bo jest sygna\u0142em, \u017ce co\u015b jest nie tak, jak powinno by\u0107 i \u017ce co\u015b trzeba z tym zrobi\u0107. Jednak problem pojawia si\u0119 wtedy, gdy b\u00f3l przejmuje kontrol\u0119 nad \u017cyciem cz\u0142owieka i sprowadza si\u0119 ono wy\u0142\u0105cznie do odczuwania b\u00f3lu.<\/p>\n<blockquote><p>Je\u015bli l\u0119ki, obawy i strachy przej\u0119\u0142y nad tob\u0105 kontrol\u0119, zaw\u0142adn\u0119\u0142y tob\u0105, wykrzywiaj\u0105 twoj\u0105 dusz\u0119, parali\u017cuj\u0105 ci\u0119 i wi\u0119\u017c\u0105, to znaczy, \u017ce \u017cyjesz wed\u0142ug niew\u0142a\u015bciwego i nienormalnego paradygmatu. Potrzebujesz przemiany.<\/p><\/blockquote>\n<p>Nie bez powodu Pismo \u015awi\u0119te dziesi\u0105tki razy m\u00f3wi do nas, aby\u015bmy si\u0119 nie bali i nie l\u0119kali.<\/p>\n<blockquote><p>Niech si\u0119 nie trwo\u017cy serce wasze i niech si\u0119 nie l\u0119ka.<\/p>\n<p>Jana 14:27b<\/p><\/blockquote>\n<h3><a href=\"http:\/\/instytutdidaskalos.pl\/wp-content\/uploads\/2017\/10\/IMG_1713_Dorota_Mytych.jpg\"><img decoding=\"async\" loading=\"lazy\" class=\"aligncenter size-full wp-image-9694\" src=\"http:\/\/instytutdidaskalos.pl\/wp-content\/uploads\/2017\/10\/IMG_1713_Dorota_Mytych.jpg\" alt=\"IMG_1713_Dorota_Mytych\" width=\"800\" height=\"533\"><\/a>Zastan\u00f3w si\u0119<\/h3>\n<ul>\n<li>Jaka powinna by\u0107 rola strachu w naszym \u017cyciu?<\/li>\n<li>Dlaczego Pismo \u015awi\u0119te wielokrotnie zabrania nam si\u0119 ba\u0107 i l\u0119ka\u0107?<\/li>\n<li>W twoim \u017cyciu dominuj\u0105 strachy i l\u0119ki, czy te\u017c wiara?<\/li>\n<\/ul>\n<p>Photo credit: Dorota Mytych<\/p>\n<p><a href=\"#_ftnref1\" name=\"_ftn1\">*<\/a> Patrz: Marka 5:22-43<\/p>\n","protected":false},"excerpt":{"rendered":"<p>Nie musisz \u017cy\u0107 w granicach, jakie wytyczaj\u0105 ci l\u0119ki i strachy, nie musisz te\u017c by\u0107 im poddany. Mo\u017cesz \u017cy\u0107 wiar\u0105. Jest ona wyborem. I ten wyb\u00f3r, jak to ju\u017c wcze\u015bniej wspomnia\u0142em, formuje to, kim si\u0119 stajemy, jak si\u0119 czujemy, jak postrzegamy swoje \u017cycie i w ko\u0144cu to, z jak\u0105 klas\u0105 \u017cyjemy.<\/p>\n","protected":false},"author":1,"featured_media":9695,"comment_status":"open","ping_status":"open","sticky":false,"template":"","format":"video","meta":{"_et_pb_use_builder":"","_et_pb_old_content":"","_et_gb_content_width":"","ngg_post_thumbnail":0},"categories":[226,158,103,163,12,73,126],"tags":[777,277,286,795,1493,2,1494,180,798,1196,1495,91,376,1496,675,1374,419,1497,421,187,283],"jetpack_featured_media_url":"","_links":{"self":[{"href":"https:\/\/test.instytutdidaskalos.pl\/index.php?rest_route=\/wp\/v2\/posts\/9692"}],"collection":[{"href":"https:\/\/test.instytutdidaskalos.pl\/index.php?rest_route=\/wp\/v2\/posts"}],"about":[{"href":"https:\/\/test.instytutdidaskalos.pl\/index.php?rest_route=\/wp\/v2\/types\/post"}],"author":[{"embeddable":true,"href":"https:\/\/test.instytutdidaskalos.pl\/index.php?rest_route=\/wp\/v2\/users\/1"}],"replies":[{"embeddable":true,"href":"https:\/\/test.instytutdidaskalos.pl\/index.php?rest_route=%2Fwp%2Fv2%2Fcomments&post=9692"}],"version-history":[{"count":0,"href":"https:\/\/test.instytutdidaskalos.pl\/index.php?rest_route=\/wp\/v2\/posts\/9692\/revisions"}],"wp:featuredmedia":[{"embeddable":true,"href":"https:\/\/test.instytutdidaskalos.pl\/index.php?rest_route=\/"}],"wp:attachment":[{"href":"https:\/\/test.instytutdidaskalos.pl\/index.php?rest_route=%2Fwp%2Fv2%2Fmedia&parent=9692"}],"wp:term":[{"taxonomy":"category","embeddable":true,"href":"https:\/\/test.instytutdidaskalos.pl\/index.php?rest_route=%2Fwp%2Fv2%2Fcategories&post=9692"},{"taxonomy":"post_tag","embeddable":true,"href":"https:\/\/test.instytutdidaskalos.pl\/index.php?rest_route=%2Fwp%2Fv2%2Ftags&post=9692"}],"curies":[{"name":"wp","href":"https:\/\/api.w.org\/{rel}","templated":true}]}}