{"id":9557,"date":"2017-10-25T00:22:22","date_gmt":"2017-10-24T22:22:22","guid":{"rendered":"http:\/\/instytutdidaskalos.pl\/?p=9557"},"modified":"2017-10-25T00:22:22","modified_gmt":"2017-10-24T22:22:22","slug":"biblia-jeleniogorska","status":"publish","type":"post","link":"https:\/\/test.instytutdidaskalos.pl\/?p=9557","title":{"rendered":"Biblia Jeleniog\u00f3rska"},"content":{"rendered":"<p>Tym razem w ramach wycieczek historycznych udajemy si\u0119 do miejscowo\u015bci Bukowiec, ko\u0142o Jeleniej G\u00f3ry. W pierwszej po\u0142owie XIX wieku miejscowo\u015b\u0107 sta\u0142a si\u0119 znana w regionie, jak i w Europie, dzi\u0119ki ma\u0142\u017ce\u0144stwu Fryderyka i Fryderyki von Reden, kt\u00f3rzy byli jej w\u0142a\u015bcicielami. Obecnie dzi\u0119ki dzia\u0142alno\u015bci Zwi\u0105zku Gmin Karkonoskich, maj\u0105cych siedzib\u0119 w pa\u0142acu w Bukowcu oraz Fundacji Dolina Pa\u0142ac\u00f3w i Ogrod\u00f3w Kotliny Jeleniog\u00f3rskiej historia miejscowo\u015bci zostaje odkrywana na nowo.<\/p>\n<p><!--more--><\/p>\n<p>Jednym z wa\u017cniejszych wydarze\u0144 w historii ma\u0142\u017ce\u0144stwa von Reden by\u0142o powo\u0142anie Stowarzyszenia Biblijnego. Jednym z jego zada\u0144 by\u0142a dystrybucja Biblii i Nowych Testament\u00f3w na terenie \u015al\u0105ska i kr\u00f3lestwa Prus, aby zaspokoi\u0107 potrzeby duchowe ludno\u015bci i g\u0142\u00f3d poznania Prawdy.<\/p>\n<p>W tym okresie na terenie Dolnego \u015al\u0105ska popularnym wydaniem Biblii by\u0142a tzw. Biblia Jeleniog\u00f3rska, kt\u00f3r\u0105 wydano w po\u0142owie XVIII wieku w Jeleniej G\u00f3rze. By\u0142o to t\u0142umaczenie Marcina Lutra zawieraj\u0105ce komentarze pastora Ehrenfrieda Liebicha z \u0141omnicy. By\u0142 on przedstawicielem ruchu odnowy duchowej w ko\u015bciele ewangelickim zwany pietyzmem.<\/p>\n<p>W latach trzydziestych XIX wieku Friederika von Reden podj\u0119\u0142a si\u0119 stara\u0144 wznowienia wydania Biblii Jeleniog\u00f3rskiej. Hrabina po spotkaniach z kr\u00f3lem Prus Fryderykiem Wilhelmem IV i prezentacji swoich argument\u00f3w uzyska\u0142a pomoc finansow\u0105 i wsparcie ze strony w\u0142adcy. Druku podj\u0119\u0142o si\u0119 wydawnictwo Karla Wilhelma Immanuela KRAHNA. Po szczeg\u00f3\u0142owm ustaleniu koszt\u00f3w zamkni\u0119to si\u0119 w kwocie oko\u0142o 2000 talar\u00f3w. W roku 1844 ukaza\u0142a si\u0119 pierwsza edycja wznowienia Biblii Jeleniog\u00f3rskiej. W nast\u0119pnych latach kilkukrotnie podj\u0119to si\u0119 kolejnych jej wznowie\u0144.<\/p>\n<p>Istniej\u0105ce w Bukowcu Towarzystwo Biblijne zaj\u0119\u0142o si\u0119 dystrybucj\u0105 tej Ksi\u0119gi \u017bycia. Przewodnicz\u0105c\u0105 by\u0142a hrabina Fryderyka.<\/p>\n<p>Biblia Jeleniog\u00f3rska w Polsce jest nieosi\u0105galna, a jedyny jej egzemplarz zachowa\u0142 si\u0119 w archiwum pa\u0144stwowym w Jeleniej G\u00f3rze. Poni\u017cej znajduje si\u0119 link do filmiku o tym ostatnim egzemplarzu.<\/p>\n<h3><strong>Linki<\/strong><\/h3>\n<p><a href=\"https:\/\/www.youtube.com\/watch?v=CoA4DN8Kplc\" target=\"_blank\" rel=\"noopener\">Film o Biblii Jeleniog\u00f3rskiej.<\/a><\/p>\n<p><a href=\"https:\/\/www.google.pl\/search?q=hb7fLWAdR4Fk137208252045P8483&amp;client=firefox-b-ab&amp;dcr=0&amp;tbm=isch&amp;imgil=0EIySBehh4BzKM%253A%253Bl-gxpn1FdaKvqM%253Bhttp%25253A%25252F%25252Fwww.ebay.de%25252Fitm%25252FAlte-dicke-Hirschberger-BIBEL-1844-Buch-Buecher-Heilige-Schrift-Martin-Luther-ALT-%25252F171064838547&amp;source=iu&amp;pf=m&amp;fir=0EIySBehh4BzKM%253A%252Cl-gxpn1FdaKvqM%252C_&amp;usg=__wea-icjTz73dhm7Nsr7FFXXtsc8%3D&amp;biw=1133&amp;bih=523&amp;ved=0ahUKEwixoNfZusrWAhXHCJoKHZc4C-4QyjcILw&amp;ei=7ETOWbH6LseR6ASX8azwDg#imgrc=_\" target=\"_blank\" rel=\"noopener\">Zdj\u0119cia Biblii Jeleniog\u00f3rskiej.<\/a><\/p>\n<p><a href=\"https:\/\/szukajacboga.pl\/moja-historia\/\" target=\"_blank\" rel=\"noopener\">Historie &#8230;<\/a><\/p>\n<p><a href=\"http:\/\/biblia-online.pl\/BibliaAudio\/Warszawska\/Ewangelia-Mateusza\/1\" target=\"_blank\" rel=\"noopener\">Biblia on line.<\/a><\/p>\n<p><a href=\"http:\/\/gesichter-der-reformation.eu\/files\/gdr\/content\/downloads\/pl_przewodnik_po_zabytkach_reformacji.pdf\" target=\"_blank\" rel=\"noopener\">Przewodnik po zabytkach reformacji na \u0141u\u017cycach G\u00f3rnych i Dolnym \u015al\u0105sku.<\/a><\/p>\n<p>Photo credit: <a href=\"https:\/\/unsplash.com\/\">unsplash.com<\/a>; <a href=\"https:\/\/unsplash.com\/@zeak\">Dmitrij Paskevic<\/a><\/p>\n","protected":false},"excerpt":{"rendered":"<p>Tym razem w ramach wycieczek historycznych udajemy si\u0119 do miejscowo\u015bci Bukowiec, ko\u0142o Jeleniej G\u00f3ry. W pierwszej po\u0142owie XIX wieku miejscowo\u015b\u0107 sta\u0142a si\u0119 znana w regionie, jak i w Europie, dzi\u0119ki ma\u0142\u017ce\u0144stwu Fryderyka i Fryderyki von Reden, kt\u00f3rzy byli jej w\u0142a\u015bcicielami. Obecnie dzi\u0119ki dzia\u0142alno\u015bci Zwi\u0105zku Gmin Karkonoskich, maj\u0105cych siedzib\u0119 w pa\u0142acu w Bukowcu oraz Fundacji Dolina [&hellip;]<\/p>\n","protected":false},"author":1,"featured_media":9721,"comment_status":"open","ping_status":"open","sticky":false,"template":"","format":"standard","meta":{"_et_pb_use_builder":"","_et_pb_old_content":"","_et_gb_content_width":"","ngg_post_thumbnail":0},"categories":[198,320],"tags":[1403,16,1405,1483,1484,137,1408,138,301,868,1010,37,876,1063,586,1485,33,239],"jetpack_featured_media_url":"","_links":{"self":[{"href":"https:\/\/test.instytutdidaskalos.pl\/index.php?rest_route=\/wp\/v2\/posts\/9557"}],"collection":[{"href":"https:\/\/test.instytutdidaskalos.pl\/index.php?rest_route=\/wp\/v2\/posts"}],"about":[{"href":"https:\/\/test.instytutdidaskalos.pl\/index.php?rest_route=\/wp\/v2\/types\/post"}],"author":[{"embeddable":true,"href":"https:\/\/test.instytutdidaskalos.pl\/index.php?rest_route=\/wp\/v2\/users\/1"}],"replies":[{"embeddable":true,"href":"https:\/\/test.instytutdidaskalos.pl\/index.php?rest_route=%2Fwp%2Fv2%2Fcomments&post=9557"}],"version-history":[{"count":0,"href":"https:\/\/test.instytutdidaskalos.pl\/index.php?rest_route=\/wp\/v2\/posts\/9557\/revisions"}],"wp:featuredmedia":[{"embeddable":true,"href":"https:\/\/test.instytutdidaskalos.pl\/index.php?rest_route=\/"}],"wp:attachment":[{"href":"https:\/\/test.instytutdidaskalos.pl\/index.php?rest_route=%2Fwp%2Fv2%2Fmedia&parent=9557"}],"wp:term":[{"taxonomy":"category","embeddable":true,"href":"https:\/\/test.instytutdidaskalos.pl\/index.php?rest_route=%2Fwp%2Fv2%2Fcategories&post=9557"},{"taxonomy":"post_tag","embeddable":true,"href":"https:\/\/test.instytutdidaskalos.pl\/index.php?rest_route=%2Fwp%2Fv2%2Ftags&post=9557"}],"curies":[{"name":"wp","href":"https:\/\/api.w.org\/{rel}","templated":true}]}}