{"id":9544,"date":"2017-10-04T18:49:52","date_gmt":"2017-10-04T16:49:52","guid":{"rendered":"http:\/\/instytutdidaskalos.pl\/?p=9544"},"modified":"2017-10-04T18:49:52","modified_gmt":"2017-10-04T16:49:52","slug":"na-co-jest-teraz-wlasciwy-czas-w-twoim-zyciu","status":"publish","type":"post","link":"https:\/\/test.instytutdidaskalos.pl\/?p=9544","title":{"rendered":"Na co jest teraz w\u0142a\u015bciwy czas w twoim \u017cyciu?"},"content":{"rendered":"<blockquote><p>&#8222;Kiedy&#8221; to klucz do wszystkiego. To podstawa sukcesu, niezawodny spos\u00f3b, by sta\u0107 si\u0119 szybszym, m\u0105drzejszym, lepszym i silniejszym.<\/p>\n<p>Michael Breus<\/p><\/blockquote>\n<p>Czas jest najcenniejszym zasobem, jaki posiadamy. Jest to te\u017c jedyny zas\u00f3b, kt\u00f3ry z ka\u017cd\u0105 sekund\u0105 naszego \u017cycia si\u0119 zmniejsza i nie mo\u017cemy nic zrobi\u0107, aby doda\u0107 do jego puli, dlatego te\u017c wa\u017cnym jest, aby\u015bmy \u015bwiadomie i m\u0105drze podchodzili do zarz\u0105dzania nim.<\/p>\n<p>S\u0105 ludzie, kt\u00f3rzy sprowadzaj\u0105 zarz\u0105dzanie czasem do technik umo\u017cliwiaj\u0105cych wi\u0119ksz\u0105 skuteczno\u015b\u0107, ale tak naprawd\u0119 m\u0105dre i efektywne zarz\u0105dzanie swoim czasem wynika z m\u0105drego zarz\u0105dzania \u017cyciem. Nie chodzi w nim o to, aby robi\u0107 najwi\u0119cej, jak si\u0119 da i wyeksploatowa\u0107 si\u0119 maksymalnie, ale o to, aby robi\u0107 przede wszystkim to, co powinno si\u0119 robi\u0107. Po co by\u0107 mistrzem skuteczno\u015bci w rzeczach, kt\u00f3rymi nie powinno si\u0119 zajmowa\u0107? Po co szybko i perfekcyjnie maszerowa\u0107 drog\u0105, na kt\u00f3r\u0105 nigdy nie powinno si\u0119 wchodzi\u0107?<\/p>\n<p><!--more--><\/p>\n<blockquote><p>Efektywne zarz\u0105dzanie czasem wyp\u0142ywa z m\u0105drego zarz\u0105dzania \u017cyciem. Dop\u00f3ki nie wiesz, co powiniene\u015b zrobi\u0107 ze swoim \u017cyciem, nie wiesz, co powiniene\u015b zrobi\u0107 ze swoim czasem. Stawanie si\u0119 mistrzem efektywno\u015bci ma sens, pod warunkiem, \u017ce rozumiesz czemu ma ona s\u0142u\u017cy\u0107.<\/p><\/blockquote>\n<p>Dlatego te\u017c, je\u015bli chcesz skutecznie zarz\u0105dza\u0107 swoim czasem, powiniene\u015b co jaki\u015b czas zatrzyma\u0107 si\u0119, aby zada\u0107 sobie pytanie: <em>Co ja teraz powinienem robi\u0107 ze swoim \u017cyciem? Na czym powinienem si\u0119 skupi\u0107? Jakie powinny by\u0107 moje priorytety?<\/em><\/p>\n<h3>Na wszystko jest w\u0142a\u015bciwy czas<\/h3>\n<blockquote><p>Wszystko ma sw\u00f3j czas i ka\u017cda sprawa pod niebem ma swoj\u0105 por\u0119. Jest czas [kairos i dalej] rodzenia i czas umierania; jest czas sadzenia i czas wyrywania tego, co zasadzono. Jest czas zabijania i czas leczenia; jest czas burzenia i czas budowania. Jest czas p\u0142aczu i czas \u015bmiechu; jest czas narzekania i czas pl\u0105s\u00f3w. Jest czas rozrzucania kamieni i czas zbierania kamieni; jest czas pieszczot i czas wstrzymywania si\u0119 od pieszczot. Jest czas szukania i czas gubienia; jest czas przechowywania i czas odrzucania. Jest czas rozdzierania i czas zszywania; jest czas milczenia i czas m\u00f3wienia. Jest czas mi\u0142owania i czas nienawidzenia; jest czas wojny i czas pokoju. (Kzn 3:1-8)<\/p><\/blockquote>\n<p>Pismo \u015awi\u0119te wyra\u017anie m\u00f3wi: <em>Wszystko ma sw\u00f3j czas i ka\u017cda sprawa pod niebem ma swoj\u0105 por\u0119<\/em> (Kzn 3:1). Oznacza to, \u017ce nie wolno cokolwiek robi\u0107 kiedykolwiek. Na wszystko w \u017cyciu jest w\u0142a\u015bciwy czas, nale\u017cy wi\u0119c nauczy\u0107 si\u0119 go rozpoznawa\u0107 i we w\u0142a\u015bciwym czasie zajmowa\u0107 w\u0142a\u015bciwymi rzeczami.<\/p>\n<h3>Rozpoznanie w\u0142a\u015bciwego czasu jest kluczem do \u017cyciowego sukcesu<\/h3>\n<blockquote><p>Serce m\u0119drca zna w\u0142a\u015bciwy czas. (Kzn 8:6b)<\/p><\/blockquote>\n<p><strong>Zrozumienie, kiedy nale\u017cy co\u015b robi\u0107, jest tak samo wa\u017cne, jak zrozumienie, co nale\u017cy robi\u0107<\/strong><\/p>\n<p>Na wszystko jest w\u0142a\u015bciwy czas. Nawet je\u015bli co\u015b jest dla ciebie w\u0142a\u015bciwe i mo\u017cliwe, jednak je\u015bli b\u0119dziesz si\u0119 tym zajmowa\u0142 w niew\u0142a\u015bciwym okresie swojego \u017cycia, to najprawdopodobniej poniesiesz pora\u017ck\u0119. Ta my\u015bl jest tak wa\u017cna, \u017ce pozwol\u0119 sobie j\u0105 powt\u00f3rzy\u0107: <em>Nawet je\u015bli rozpoznasz dla siebie w\u0142a\u015bciwy cel, ale nie rozpoznasz w\u0142a\u015bciwego czasu na realizacj\u0119 tego celu, to poniesiesz pora\u017ck\u0119.<\/em><\/p>\n<blockquote><p>W\u0142a\u015bciwe dzia\u0142anie we w\u0142a\u015bciwym czasie przynosi sukces.<\/p>\n<p>dr John C. Maxwell<\/p><\/blockquote>\n<p>Udane \u017cycie jest seri\u0105 w\u0142a\u015bciwych posuni\u0119\u0107 poczynionych we w\u0142a\u015bciwym czasie. Kiedy cz\u0142owiek robi w\u0142a\u015bciwe rzeczy we w\u0142a\u015bciwym czasie, \u017cyciowego sukcesu niemal nie da si\u0119 unikn\u0105\u0107.<\/p>\n<p>&nbsp;<strong>Wa\u017cnym jest, aby nauczy\u0107 si\u0119 rozpoznawa\u0107 w swoim \u017cyciu <em>momenty kairos<\/em><\/strong><\/p>\n<p>W j\u0119zyku greckim s\u0105 dwa s\u0142owa odnosz\u0105ce si\u0119 do czasu: <em>chronos<\/em> i <em>kairos<\/em>. Ka\u017cde z nich przedstawia jego inny aspekt. <em>Chronos<\/em> odnosi si\u0119 g\u0142\u00f3wnie do czasu, jako pewnej ci\u0105g\u0142o\u015bci, do miary, do okre\u015blonego okresu czasu, kt\u00f3ry mo\u017cna umiejscowi\u0107 na osi czasu i poda\u0107 jego d\u0142ugo\u015b\u0107. Wi\u0119c s\u0142owo to dotyczy pewnego okresu, jest to czas, kt\u00f3ry up\u0142ywa i mo\u017cna go mierzy\u0107.<\/p>\n<p><em>Kairos<\/em> odnosi si\u0119 do pewnego okresu czasu, w kt\u00f3rym co\u015b si\u0119 wydarza. To s\u0142owo jest u\u017cywane nie w zwi\u0105zku z miar\u0105 czasu, ale z pewnym konkretnym, maj\u0105cym znaczenie wydarzeniem. <em>Kairos<\/em> jest pewn\u0105 mo\u017cliwo\u015bci\u0105, kt\u00f3ra ma, lub mo\u017ce mie\u0107 miejsce w <em>chronos<\/em>.<\/p>\n<p>Moment, w kt\u00f3rym wydarza si\u0119, lub mo\u017ce si\u0119 wydarzy\u0107 co\u015b wa\u017cnego dla nas nazywamy <em>czasem kairos<\/em>. B\u0119d\u0105c lud\u017ami, jeste\u015bmy istotami osadzonymi w czasie <em>chronos<\/em>, ale niekiedy maj\u0105 miejsce momenty, czy te\u017c okresy <em>kairos<\/em>, kt\u00f3re s\u0105 naszymi mo\u017cliwo\u015bciami. Wa\u017cne jest, aby \u017cy\u0107 uwa\u017cnie i dostrzega\u0107 te momenty.<\/p>\n<p>Chronos<em> to czas, kt\u00f3ry przemija i jest utracony, <\/em>kairos<em> to czas, kt\u00f3ry mo\u017ce by\u0107 wykorzystany. <\/em>Chronos<em> odnosi si\u0119 do nast\u0119puj\u0105cych po sobie kolejno wydarze\u0144, jest wi\u0119c czasem liniowym; <\/em>kairos<em> jest pewnym punktem w czasie. Tak wi\u0119c w czasie <\/em>[chronos] <em>s\u0105 konkretne momenty <\/em>[kairos].<\/p>\n<ul>\n<li><strong>S\u0142owo <em>kairos <\/em>w filozofii.<\/strong><\/li>\n<\/ul>\n<p>Kairos [gr. \u03ba\u03b1\u03b9\u03c1\u03cc\u03c2; 'odpowiedni moment, pora&#8217;]<em> \u2013 s\u0142owo pochodz\u0105ce ze staro\u017cytnej Grecji oznaczaj\u0105ce zwrotny moment \u017cyciowy (kryzys), w kt\u00f3rym cz\u0142owiek jest zmuszony przez los do podj\u0119cia rozstrzygaj\u0105cej decyzji, kt\u00f3ra radykalnie odwraca dotychczasowy bieg zdarze\u0144.<a href=\"#_ftn1\" name=\"_ftnref1\">*<\/a><\/em><\/p>\n<ul>\n<li><strong>S\u0142owo <em>kairos <\/em>w teologii.<\/strong><\/li>\n<\/ul>\n<p>W teologii kairos oznacza mi\u0119dzy innymi okre\u015blony moment w dziejach, w kt\u00f3rym B\u00f3g dokonuje zbawczego dzia\u0142ania.<\/p>\n<p>Przyk\u0142ady <em>kairos<\/em>:<\/p>\n<p style=\"padding-left: 30px;\">&#8211; Moment, w kt\u00f3rym B\u00f3g pos\u0142a\u0142 Moj\u017cesza do wyswobodzenia Hebrajczyk\u00f3w z Egiptu (2 M 3,4).<\/p>\n<p style=\"padding-left: 30px;\">&#8211; Estera, kt\u00f3ra uratowa\u0142a sw\u00f3j nar\u00f3d przed holocaustem (Est 4:13-14).<\/p>\n<p style=\"padding-left: 30px;\">&#8211; Przyj\u015bcie i s\u0142u\u017cba Pana Jezusa (Mk 1:15; Gl 4:4; Ef 1:10).<\/p>\n<p>Ka\u017cda z tych os\u00f3b przyst\u0105pi\u0142a do swojej misji we w\u0142a\u015bciwym czasie &#8211; to by\u0142o <em>kairos<\/em> dla nich i dla tego, czego mieli si\u0119 podj\u0105\u0107.<\/p>\n<ul>\n<li><strong>S\u0142owo <em>kairos <\/em>i twoje \u017cycie.<\/strong><\/li>\n<\/ul>\n<blockquote><p>W \u017cyciu ka\u017cdego nast\u0119puje ta szczeg\u00f3lna chwila &#8211; chwila dla kt\u00f3rej si\u0119 urodzi\u0142. Ta specjalna okazja, gdy po ni\u0105 si\u0119gnie, wype\u0142ni swoj\u0105 misj\u0119 &#8211; misj\u0119, do kt\u00f3rej jedynie on jest upowa\u017cniony i kompetentny. W tym momencie znajduje wielko\u015b\u0107. To jest najlepsza godzina.<\/p>\n<p>Winston Churchill<\/p><\/blockquote>\n<p>W \u017cyciu ka\u017cdego z nas, co jaki\u015b czas pojawiaj\u0105 si\u0119 <em>momenty kairos<\/em>, kt\u00f3re mo\u017cemy i powinni\u015bmy wykorzysta\u0107. Od tego, czy to zrobimy zale\u017cy jako\u015b\u0107 naszego \u017cycia, a tak\u017ce to, na ile wype\u0142ni si\u0119 nasze przeznaczenie.<\/p>\n<p><strong>Punkty odniesienia, kt\u00f3re pomagaj\u0105 rozpozna\u0107 czas<\/strong><\/p>\n<p>Rozpoznanie czasu polega na:<\/p>\n<ul>\n<li>dostrze\u017ceniu <strong>drogi<\/strong>, kt\u00f3r\u0105 nale\u017cy pod\u0105\u017ca\u0107;<\/li>\n<li>rozpoznaniu swojej <strong>odpowiedzialno\u015bci<\/strong>, kt\u00f3r\u0105 nale\u017cy na siebie przyj\u0105\u0107;<\/li>\n<li>u\u015bwiadomieniu sobie <strong>priorytet\u00f3w<\/strong>, na kt\u00f3rych nale\u017cy si\u0119 skupi\u0107;<\/li>\n<li>uzmys\u0142owieniu sobie <strong>cel\u00f3w<\/strong>, do kt\u00f3rych nale\u017cy d\u0105\u017cy\u0107;<\/li>\n<li>odkryciu <strong>warto\u015bci<\/strong>, kt\u00f3re nale\u017cy piel\u0119gnowa\u0107;<\/li>\n<li>dostrze\u017ceniu <strong>problem\u00f3w<\/strong>, kt\u00f3re nale\u017cy rozwi\u0105za\u0107;<\/li>\n<li>zobaczeniu <strong>mo\u017cliwo\u015bci<\/strong>, kt\u00f3re mo\u017cna wykorzysta\u0107.<\/li>\n<\/ul>\n<p><a href=\"http:\/\/instytutdidaskalos.pl\/wp-content\/uploads\/2017\/08\/steven-hille-3506.jpg\"><img decoding=\"async\" loading=\"lazy\" class=\"aligncenter size-full wp-image-9546\" src=\"http:\/\/instytutdidaskalos.pl\/wp-content\/uploads\/2017\/08\/steven-hille-3506.jpg\" alt=\"steven-hille-3506\" width=\"800\" height=\"450\"><\/a>Tak wi\u0119c <em>droga, odpowiedzialno\u015b\u0107, priorytety, cele, warto\u015bci, problemy i mo\u017cliwo\u015bci<\/em>, to pewne punkty odniesienia, kt\u00f3re mog\u0105 pom\u00f3c nam rozpozna\u0107, na co jest obecnie w\u0142a\u015bciwy czas w naszym \u017cyciu.<\/p>\n<h3>Pytania pomocnicze:<\/h3>\n<ol>\n<li>Jakich wa\u017cnych moment\u00f3w <em>kairos<\/em> do\u015bwiadczy\u0142e\u015b w swoim \u017cyciu?<\/li>\n<li>Czy w tej chwili, w swoim <em>chronos<\/em> dostrzegasz jakie\u015b szczeg\u00f3lne <em>kairos<\/em>? Jak\u0105 mo\u017cliwo\u015b\u0107 niesie to <em>kairos<\/em>? Jak mo\u017cesz t\u0119 mo\u017cliwo\u015b\u0107 wykorzysta\u0107?<\/li>\n<li>Czy utkn\u0105\u0142e\u015b w okresie \u017cycia, kt\u00f3ry powinien ju\u017c dawno by\u0107 zamkni\u0119ty? Czy powiniene\u015b p\u00f3j\u015b\u0107 do przodu? Dlaczego tak uwa\u017casz? Co ci\u0119 powstrzymuje i sprawia, \u017ce nie jeste\u015b w stanie p\u00f3j\u015b\u0107 do przodu?<\/li>\n<li>Czy to jest w\u0142a\u015bciwy czas na zajmowanie si\u0119 tym, czym si\u0119 zajmujesz, lub zamierzasz zaj\u0105\u0107 w najbli\u017cszej przysz\u0142o\u015bci?<\/li>\n<li>Na co w tej chwili jest najw\u0142a\u015bciwszy czas w twoim \u017cyciu?<\/li>\n<\/ol>\n<ul>\n<li>Jak\u0105 drog\u0105 powiniene\u015b zmierza\u0107?<\/li>\n<li>Jakie odpowiedzialno\u015bci powiniene\u015b na siebie przyj\u0105\u0107?<\/li>\n<li>Na jakich priorytetach powiniene\u015b si\u0119 skupi\u0107?<\/li>\n<li>Do kt\u00f3rych cel\u00f3w powiniene\u015b d\u0105\u017cy\u0107?<\/li>\n<li>Kt\u00f3re warto\u015bci powiniene\u015b piel\u0119gnowa\u0107?<\/li>\n<li>Jakie problemy powiniene\u015b rozwi\u0105za\u0107?<\/li>\n<li>Kt\u00f3re mo\u017cliwo\u015bci powiniene\u015b wykorzysta\u0107?<\/li>\n<\/ul>\n<p><a href=\"#_ftnref1\" name=\"_ftn1\">*<\/a> https:\/\/pl.wikipedia.org\/wiki\/Kairos_(filozofia)<\/p>\n<p>Photo credit: <a href=\"https:\/\/unsplash.com\/\">unsplash.com<\/a>; <a href=\"https:\/\/unsplash.com\/@funkloch\">Steven Hille<\/a><\/p>\n","protected":false},"excerpt":{"rendered":"<p>&#8222;Kiedy&#8221; to klucz do wszystkiego. To podstawa sukcesu, niezawodny spos\u00f3b, by sta\u0107 si\u0119 szybszym, m\u0105drzejszym, lepszym i silniejszym. Michael Breus Czas jest najcenniejszym zasobem, jaki posiadamy. Jest to te\u017c jedyny zas\u00f3b, kt\u00f3ry z ka\u017cd\u0105 sekund\u0105 naszego \u017cycia si\u0119 zmniejsza i nie mo\u017cemy nic zrobi\u0107, aby doda\u0107 do jego puli, dlatego te\u017c wa\u017cnym jest, aby\u015bmy \u015bwiadomie [&hellip;]<\/p>\n","protected":false},"author":1,"featured_media":9546,"comment_status":"open","ping_status":"open","sticky":false,"template":"","format":"image","meta":{"_et_pb_use_builder":"","_et_pb_old_content":"","_et_gb_content_width":"","ngg_post_thumbnail":0},"categories":[19,158,10,103,163,12,167,126],"tags":[1474,148,553,416,1475,1476,1477,1478,1479,5,42,45,1480,67,11,415,1481,1482,14],"jetpack_featured_media_url":"","_links":{"self":[{"href":"https:\/\/test.instytutdidaskalos.pl\/index.php?rest_route=\/wp\/v2\/posts\/9544"}],"collection":[{"href":"https:\/\/test.instytutdidaskalos.pl\/index.php?rest_route=\/wp\/v2\/posts"}],"about":[{"href":"https:\/\/test.instytutdidaskalos.pl\/index.php?rest_route=\/wp\/v2\/types\/post"}],"author":[{"embeddable":true,"href":"https:\/\/test.instytutdidaskalos.pl\/index.php?rest_route=\/wp\/v2\/users\/1"}],"replies":[{"embeddable":true,"href":"https:\/\/test.instytutdidaskalos.pl\/index.php?rest_route=%2Fwp%2Fv2%2Fcomments&post=9544"}],"version-history":[{"count":0,"href":"https:\/\/test.instytutdidaskalos.pl\/index.php?rest_route=\/wp\/v2\/posts\/9544\/revisions"}],"wp:featuredmedia":[{"embeddable":true,"href":"https:\/\/test.instytutdidaskalos.pl\/index.php?rest_route=\/"}],"wp:attachment":[{"href":"https:\/\/test.instytutdidaskalos.pl\/index.php?rest_route=%2Fwp%2Fv2%2Fmedia&parent=9544"}],"wp:term":[{"taxonomy":"category","embeddable":true,"href":"https:\/\/test.instytutdidaskalos.pl\/index.php?rest_route=%2Fwp%2Fv2%2Fcategories&post=9544"},{"taxonomy":"post_tag","embeddable":true,"href":"https:\/\/test.instytutdidaskalos.pl\/index.php?rest_route=%2Fwp%2Fv2%2Ftags&post=9544"}],"curies":[{"name":"wp","href":"https:\/\/api.w.org\/{rel}","templated":true}]}}