{"id":9149,"date":"2017-06-14T21:23:29","date_gmt":"2017-06-14T19:23:29","guid":{"rendered":"http:\/\/instytutdidaskalos.pl\/?p=9149"},"modified":"2017-06-14T21:23:29","modified_gmt":"2017-06-14T19:23:29","slug":"kazde-zycie-to-inna-historia","status":"publish","type":"post","link":"https:\/\/test.instytutdidaskalos.pl\/?p=9149","title":{"rendered":"Ka\u017cde \u017cycie to inna historia"},"content":{"rendered":"<p>\u017bycie ka\u017cdego cz\u0142owieka to inna historia. Historia z\u0142o\u017cona z r\u00f3\u017cnych zdarze\u0144, przypadk\u00f3w, moment\u00f3w, chwil rado\u015bci i smutk\u00f3w. Opowiadana z perspektywy mijaj\u0105cego czasu nabiera wyj\u0105tkowo\u015bci dla s\u0142uchaj\u0105cych jej os\u00f3b. Jedne historie budz\u0105 wi\u0119ksze zainteresowanie, inne mniejsze. S\u0105 te\u017c takie, z kt\u00f3rych mo\u017cna si\u0119 czego\u015b nauczy\u0107, wyci\u0105gn\u0105\u0107 wnioski, a niekt\u00f3re zapami\u0119tuje si\u0119 do ko\u0144ca \u017cycia, mimo i\u017c us\u0142ysza\u0142o si\u0119 je tylko raz.<\/p>\n<p><!--more-->Moje dzieci\u0144stwo przepe\u0142nione by\u0142o opowiadaniami i ludzkimi historiami, do kt\u00f3rych bardzo cz\u0119sto wspomnieniami wraca\u0142a moja babcia. Jej m\u0142odo\u015b\u0107 przypada\u0142a na lata trzydzieste i czterdzieste XX wieku. Urodzi\u0142a si\u0119, wychowa\u0142a i ca\u0142e \u017cycie sp\u0119dzi\u0142a na wsi. Zajmowa\u0142a si\u0119 upraw\u0105 roli i hodowl\u0105 zwierz\u0105t. Jej otoczenie \u017cy\u0142o w podobny spos\u00f3b. Rodziny by\u0142y wielodzietne, mieszkali w jednej izbie wielopokoleniowo, nie mieli telewizji, pr\u0105du, ani tych wszystkich wyg\u00f3d, kt\u00f3re mamy teraz. Dzieci ko\u0144czy\u0142y zazwyczaj cztery klasy i prowadzi\u0142y takie \u017cycie, jak ich rodzice. Wybi\u0107 si\u0119 i pokona\u0107 wiejsk\u0105 mentalno\u015b\u0107 nie by\u0142o \u0142atwo. Je\u017celi komu\u015b si\u0119 uda\u0142o by\u0142 bohaterem, cz\u0142owiekiem godnym podziwu. Przynajmniej tak to widzia\u0142a moja babcia i w taki spos\u00f3b mi to przestawia\u0142a.<\/p>\n<p>Jedn\u0105 z historii, kt\u00f3r\u0105 opowiada\u0142a zapami\u0119ta\u0142am w szczeg\u00f3lny spos\u00f3b. By\u0142a to historia J\u00f3zia, odrzuconego przez matk\u0119 ch\u0142opca, kt\u00f3rego losy potoczy\u0142y si\u0119 w zupe\u0142nie innym kierunku, ni\u017c si\u0119 tego spodziewano. O J\u00f3ziu cz\u0119sto m\u00f3wiono w naszym domu. Jemu uda\u0142o si\u0119 \u017cy\u0107 inaczej w por\u00f3wnaniu z r\u00f3wie\u015bnikami.<\/p>\n<p>J\u00f3ziu zosta\u0142 oddany na wychowanie swojej babci. Okoliczno\u015bci narodzin ch\u0142opca nie by\u0142y radosne. Jego matka chc\u0105c wyj\u015b\u0107 za m\u0105\u017c stan\u0119\u0142a przed wyborem &#8211; albo dziecko, kt\u00f3re ju\u017c mia\u0142a, albo nowy m\u0105\u017c. Taki warunek postawi\u0142 przysz\u0142y ma\u0142\u017conek kobiety. W taki spos\u00f3b malutki ch\u0142opczyk trafi\u0142 do domu dziadk\u00f3w. Dorasta\u0142 jak ka\u017cde dziecko na wsi. Pasa\u0142 g\u0119si, pracowa\u0142 w polu i sko\u0144czy\u0142 kilka klas.<\/p>\n<p>Po kliku latach opiekunka J\u00f3zia zmar\u0142a, a on zosta\u0142 w domu, gdzie rodzin\u0119 za\u0142o\u017cy\u0142 jego wujek. Nie mia\u0142 przychylno\u015bci ze strony nowych opiekun\u00f3w. Jednak pewnego dnia zdarzy\u0142o si\u0119 co\u015b, co zmieni\u0142o jego \u017cycie. By\u0142 s\u0142oneczny, letni dzie\u0144. Ch\u0142opak wr\u00f3ci\u0142 z pola i poprosi\u0142 o jedzenie. Uzyska\u0142 negatywn\u0105 odpowied\u017a. Jednak \u015bwiadkiem zdarzenia by\u0142 pewien m\u0119\u017cczyzna, kt\u00f3ry akurat odwiedza\u0142 rodzin\u0119. W tym momencie w m\u0119\u017cczy\u017anie zrodzi\u0142a si\u0119 ch\u0119\u0107 pomocy ch\u0142opakowi. Zaproponowa\u0142 mu ca\u0142kowit\u0105 zmian\u0119 otoczenia i \u017cycia. Wys\u0142a\u0142 go na drugi koniec Polski do jednej ze swoich si\u00f3str, oraz pom\u00f3g\u0142 w dalszej edukacji. J\u00f3ziu wyjecha\u0142 i postanowi\u0142 ju\u017c nigdy nie wraca\u0107 na wie\u015b. Sko\u0144czy\u0142 liceum, potem poszed\u0142 na studia. Okaza\u0142o si\u0119, \u017ce ma zdolno\u015bci do nauki i jest pilny, a do tego bardzo pracowity. Wykszta\u0142ci\u0142 si\u0119, zosta\u0142 in\u017cynierem geologiem, znalaz\u0142 dobr\u0105 prac\u0119, kupi\u0142 mieszkanie i ju\u017c nigdy wi\u0119cej nie ora\u0142 ziemi.<\/p>\n<p><strong>Nast\u0119pny rozdzia\u0142 Twojego \u017cycia mo\u017ce by\u0107 lepszy!<del><br \/>\n<\/del><\/strong><\/p>\n<p>Ta historia mia\u0142a miejsce ponad sze\u015b\u0107dziesi\u0105t lat temu. S\u0142uchaj\u0105c jej u\u015bwiadamia\u0142am sobie, \u017ce w naszym \u017cyciu nic nie musi by\u0107 z g\u00f3ry przes\u0105dzone. Ten ch\u0142opak nie mia\u0142 szans na studia, patrz\u0105c na warunki oraz zamo\u017cno\u015b\u0107 jego opiekun\u00f3w. Sam nie poradzi\u0142by sobie, nie wyjecha\u0142by, ale jedna rozmowa, jedna sytuacja zmieni\u0142a jego \u017cycie. Otworzy\u0142y mu si\u0119 drzwi, przez kt\u00f3re przeszed\u0142. Do\u0142o\u017cy\u0142 do tego mn\u00f3stwo ci\u0119\u017ckiej pracy oraz wytrwa\u0142o\u015bci, ale jak sam m\u00f3wi\u0142 by\u0142o warto.<\/p>\n<p><a href=\"http:\/\/instytutdidaskalos.pl\/wp-content\/uploads\/2017\/06\/damir-bosnjak-226653.jpg\"><img decoding=\"async\" loading=\"lazy\" class=\"aligncenter size-full wp-image-9197\" src=\"http:\/\/instytutdidaskalos.pl\/wp-content\/uploads\/2017\/06\/damir-bosnjak-226653.jpg\" alt=\"damir-bosnjak-226653\" width=\"800\" height=\"533\" \/><\/a>Zdarza si\u0119, \u017ce w naszym \u017cyciu otwieraj\u0105 si\u0119 pewne drzwi, przez kt\u00f3re przechodzimy lub nie. W tym przypadku szansa na zmian\u0119 przysz\u0142a za spraw\u0105 przypadkowego m\u0119\u017cczyzny. Ch\u0142opak skorzysta\u0142 z pomocy, jak\u0105 mu zaoferowano. Zako\u0144czy\u0142 jeden rozdzia\u0142 \u017cycia i zacz\u0105\u0142 pisa\u0107 nast\u0119pny, lepszy, bogatszy i szerszy.<\/p>\n<p>Photo credit: <a href=\"https:\/\/unsplash.com\/\">unsplash.com<\/a>; <a href=\"https:\/\/unsplash.com\/@damirphoto\">Damir Bosnjak<\/a><\/p>\n","protected":false},"excerpt":{"rendered":"<p>\u017bycie ka\u017cdego cz\u0142owieka to inna historia. Historia z\u0142o\u017cona z r\u00f3\u017cnych zdarze\u0144, przypadk\u00f3w, moment\u00f3w, chwil rado\u015bci i smutk\u00f3w. Opowiadana z perspektywy mijaj\u0105cego czasu nabiera wyj\u0105tkowo\u015bci dla s\u0142uchaj\u0105cych jej os\u00f3b. Jedne historie budz\u0105 wi\u0119ksze zainteresowanie, inne mniejsze. S\u0105 te\u017c takie, z kt\u00f3rych mo\u017cna si\u0119 czego\u015b nauczy\u0107, wyci\u0105gn\u0105\u0107 wnioski, a niekt\u00f3re zapami\u0119tuje si\u0119 do ko\u0144ca \u017cycia, mimo i\u017c [&hellip;]<\/p>\n","protected":false},"author":1,"featured_media":9197,"comment_status":"open","ping_status":"open","sticky":false,"template":"","format":"standard","meta":{"_et_pb_use_builder":"","_et_pb_old_content":"","_et_gb_content_width":"","ngg_post_thumbnail":0},"categories":[150,151,10,103,12,15],"tags":[148,1420,137,921,1421,640,394,1422,248,81,1423,249,353,192,238,1242],"jetpack_featured_media_url":"","_links":{"self":[{"href":"https:\/\/test.instytutdidaskalos.pl\/index.php?rest_route=\/wp\/v2\/posts\/9149"}],"collection":[{"href":"https:\/\/test.instytutdidaskalos.pl\/index.php?rest_route=\/wp\/v2\/posts"}],"about":[{"href":"https:\/\/test.instytutdidaskalos.pl\/index.php?rest_route=\/wp\/v2\/types\/post"}],"author":[{"embeddable":true,"href":"https:\/\/test.instytutdidaskalos.pl\/index.php?rest_route=\/wp\/v2\/users\/1"}],"replies":[{"embeddable":true,"href":"https:\/\/test.instytutdidaskalos.pl\/index.php?rest_route=%2Fwp%2Fv2%2Fcomments&post=9149"}],"version-history":[{"count":0,"href":"https:\/\/test.instytutdidaskalos.pl\/index.php?rest_route=\/wp\/v2\/posts\/9149\/revisions"}],"wp:featuredmedia":[{"embeddable":true,"href":"https:\/\/test.instytutdidaskalos.pl\/index.php?rest_route=\/"}],"wp:attachment":[{"href":"https:\/\/test.instytutdidaskalos.pl\/index.php?rest_route=%2Fwp%2Fv2%2Fmedia&parent=9149"}],"wp:term":[{"taxonomy":"category","embeddable":true,"href":"https:\/\/test.instytutdidaskalos.pl\/index.php?rest_route=%2Fwp%2Fv2%2Fcategories&post=9149"},{"taxonomy":"post_tag","embeddable":true,"href":"https:\/\/test.instytutdidaskalos.pl\/index.php?rest_route=%2Fwp%2Fv2%2Ftags&post=9149"}],"curies":[{"name":"wp","href":"https:\/\/api.w.org\/{rel}","templated":true}]}}