{"id":8922,"date":"2017-05-16T17:52:59","date_gmt":"2017-05-16T15:52:59","guid":{"rendered":"http:\/\/instytutdidaskalos.pl\/?p=8922"},"modified":"2017-05-16T17:52:59","modified_gmt":"2017-05-16T15:52:59","slug":"bog-ma-sie-dobrze-wywiad-z-pastorem-mariuszem-muszczynskim","status":"publish","type":"post","link":"https:\/\/test.instytutdidaskalos.pl\/?p=8922","title":{"rendered":"B\u00f3g ma si\u0119 dobrze &#8211; wywiad z pastorem Mariuszem Muszczy\u0144skim"},"content":{"rendered":"<p><a href=\"http:\/\/instytutdidaskalos.pl\/wp-content\/uploads\/2017\/04\/z-Mariuszem-Muszczynskim-2017.01.jpg\"><img decoding=\"async\" loading=\"lazy\" class=\"aligncenter size-full wp-image-8926\" src=\"http:\/\/instytutdidaskalos.pl\/wp-content\/uploads\/2017\/04\/z-Mariuszem-Muszczynskim-2017.01.jpg\" alt=\"z Mariuszem Muszczynskim - 2017.01\" width=\"800\" height=\"600\"><\/a><strong>Andrzej Mytych: Mariusz, ciesz\u0119 si\u0119, \u017ce mo\u017cemy porozmawia\u0107. Niedawno wyda\u0142e\u015b swoj\u0105 pierwsz\u0105 ksi\u0105\u017ck\u0119 pt. <em>B\u00f3g ma si\u0119 dobrze<\/em>. Dlaczego zdecydowa\u0142e\u015b si\u0119 napisa\u0107 t\u0119 pozycj\u0119?<\/strong><\/p>\n<p><!--more--><\/p>\n<p>Mariusz Muszczy\u0144ski: Napisa\u0142em, \u017ceby\u015b da\u0142 mi wreszcie \u015bwi\u0119ty spok\u00f3j! A ju\u017c powa\u017cnie, to pierwsza ksi\u0105\u017cka, kt\u00f3ra jest poniek\u0105d uwie\u0144czeniem mojej ponad dwudziestopi\u0119cioletniej s\u0142u\u017cby w ko\u015bciele. Nosi\u0142em si\u0119 z my\u015blami napisania ksi\u0105\u017cki ju\u017c od kilku lat, a tak w og\u00f3le to zawsze co\u015b pisa\u0142em &#8211; wiersze, przemy\u015blenia, jakie\u015b pami\u0119tniki, kazania. Pisanie jest cz\u0119\u015bci\u0105 mnie. Zacz\u0105\u0142em \u017cartem, ale przyznasz, \u017ce jest w tym troch\u0119 prawdy &#8211; cz\u0119sto mnie pyta\u0142e\u015b, jak mi idzie z projektem pisania ksi\u0105\u017cki.<\/p>\n<p><strong>A.M.: Dla kogo napisa\u0142e\u015b t\u0119 ksi\u0105\u017ck\u0119?<\/strong><\/p>\n<p>M.M.: Skierowa\u0142em ksi\u0105\u017ck\u0119 raczej do pokolenia 30-40 latk\u00f3w, kt\u00f3rzy poszukuj\u0105 tre\u015bci duchowych, ale na pewnym poziomie intelektualnym. Ksi\u0105\u017cka jest do ludzi \u015bwiadomie wierz\u0105cych, ale stara\u0142em si\u0119 r\u00f3wnie\u017c pisa\u0107 do os\u00f3b poszukuj\u0105cych Boga. Otrzymuj\u0119 pozytywne g\u0142osy na temat ksi\u0105\u017cki zar\u00f3wno ze \u015brodowisk ewangelikalnych, jak te\u017c katolickich.<\/p>\n<p><strong>A.M.: Twoja ksi\u0105\u017cka sk\u0142ada si\u0119 z dw\u00f3ch cz\u0119\u015bci: <em>Od wiary do zw\u0105tpienia <\/em>i <em>Od zw\u0105tpienia do wiary<\/em><\/strong><strong>. Wygl\u0105da to, jak pewna droga. M\u00f3g\u0142by\u015b powiedzie\u0107 co\u015b na ten temat?<\/strong><\/p>\n<p>M.M.: Mnie si\u0119 wydaje, \u017ce tak w\u0142a\u015bnie wygl\u0105da \u017cycie &#8211; raz z g\u00f3ry, raz pod g\u00f3r\u0119. Dziel\u0119 si\u0119 szczerze moim do\u015bwiadczeniem wiary, a jestem na tej drodze ju\u017c prawie czterdzie\u015bci lat. Czasami potrzebne s\u0105 zw\u0105tpienia, po to, by m\u00f3c jeszcze bardziej uwierzy\u0107. Dlatego podzieli\u0142em ksi\u0105\u017ck\u0119 w ten spos\u00f3b. Chcia\u0142em pokaza\u0107 nie tylko momenty ludzkiego tryumfu, ale te\u017c doliny zw\u0105tpienia. Czytelnik b\u0119dzie ze mn\u0105 w\u0119drowa\u0107 w d\u00f3\u0142, po to, by ostatecznie wej\u015b\u0107 na wy\u017cyny wiary.<\/p>\n<p><strong>A.M.: Ksi\u0105\u017ck\u0119 zatytu\u0142owa\u0142e\u015b <em>B\u00f3g ma si\u0119 dobrze<\/em>. To intryguj\u0105cy tytu\u0142. Co si\u0119 za nim kryje?<\/strong><\/p>\n<p><a href=\"http:\/\/instytutdidaskalos.pl\/wp-content\/uploads\/2017\/04\/Bog_ma_sie_dobrze_2017.jpg\"><img decoding=\"async\" loading=\"lazy\" class=\"aligncenter size-full wp-image-8938\" src=\"http:\/\/instytutdidaskalos.pl\/wp-content\/uploads\/2017\/04\/Bog_ma_sie_dobrze_2017.jpg\" alt=\"Bog_ma_sie_dobrze_2017\" width=\"452\" height=\"640\"><\/a>M.M.: Stoi za tym obraz Stw\u00f3rcy, kt\u00f3ry mi towarzyszy w \u017cyciu i s\u0142u\u017cbie. Wierz\u0119 w Boga, kt\u00f3ry jest sympatyczny, gorsz\u0105co mi\u0142osierny, zawsze wierny w mi\u0142o\u015bci. Historia XX wieku nie nastraja ludzi optymistycznie. Podobnie pocz\u0105tek XXI wieku. Cz\u0119sto pojawia si\u0119 pytanie, w kt\u00f3rym ukryta jest pretensja &#8211; gdzie by\u0142 B\u00f3g, gdy&#8230;<\/p>\n<p>Pokazanie Stw\u00f3rcy w dobrym \u015bwietle jest bardzo trudne, a r\u00f3wnocze\u015bnie jest wielk\u0105 potrzeb\u0105 naszych czas\u00f3w. B\u00f3g przez wieki by\u0142 przedstawiany jak s\u0119dzia, kr\u00f3l, Pan, sprawiedliwy w\u0142adca. To wszystko prawda, jednak w moim odczuciu te obrazy nie oddaj\u0105 sedna istoty Boga, kt\u00f3ry przede wszystkim jest mi\u0142o\u015bci\u0105. Wszystkie cechy i dzia\u0142ania Stw\u00f3rcy wyrastaj\u0105 na fundamencie mi\u0142osierdzia. Je\u015bli wi\u0119c On ma si\u0119 dobrze, to my r\u00f3wnie\u017c mo\u017cemy.<\/p>\n<p><strong>A.M.: Zaciekawi\u0142 mnie te\u017c podtytu\u0142 <em>Kolizje wiary i w\u0105tpliwo\u015bci<\/em>. Co si\u0119 dzieje, gdy w naszym \u017cyciu wiara koliduje z w\u0105tpliwo\u015bciami? Czy to jest pozytywne zjawisko?<\/strong><\/p>\n<p>M.M.: Uwa\u017cam, \u017ce tak. Wiara nie wyklucza w\u0105tpliwo\u015bci, a one nie dyskwalifikuj\u0105 nikogo. Wierz\u0119, pom\u00f3\u017c mojemu niedowiarstwu &#8211; to zdanie jest znakomitym przyk\u0142adem z\u0142o\u017cono\u015bci wiary. Troch\u0119 obawiam si\u0119 ludzi, kt\u00f3rzy twierdz\u0105, \u017ce nigdy nie w\u0105tpi\u0105. Wydaje si\u0119, \u017ce nawet Chrystus wisz\u0105c na krzy\u017cu na moment zw\u0105tpi\u0142 w obecno\u015b\u0107 Ojca. Kryzys wiary jest cz\u0119\u015bci\u0105 \u017cycia, wpisany w nasze pod\u0105\u017canie za Chrystusem. Te kolizje wiary i w\u0105tpliwo\u015bci s\u0105 po to, by oczyszcza\u0107 si\u0119 z idealizmu, naiwno\u015bci, by uczy\u0107 si\u0119 pokory i zaufania, gdy \u017cycie jest trudne. Wiara okazuje si\u0119 wiar\u0105, gdy zmagamy si\u0119 z w\u0105tpliwo\u015bciami, ale ostatecznie ufamy. Mo\u017cemy powiedzie\u0107, \u017ce w pewnym sensie w\u0105tpliwo\u015bci kszta\u0142tuj\u0105 nasz\u0105 wiar\u0119, s\u0105 niezb\u0119dn\u0105 motywacj\u0105 do podejmowania decyzji wiary. Na podobnej zasadzie jak strach i odwaga &#8211; czym ona by\u0142aby, gdyby nie by\u0142o si\u0119 czego ba\u0107?<\/p>\n<p><strong>A.M.: Jak mo\u017cna kupi\u0107 twoj\u0105 ksi\u0105\u017ck\u0119?<\/strong><\/p>\n<p>M.M.: Ksi\u0105\u017cka jest dost\u0119pna w ksi\u0119garni <a href=\"http:\/\/wst.kei.pl\/wsts\/\">WSTS w Warszawie<\/a>, w <a href=\"https:\/\/szaron.pl\/\">ksi\u0119garni Szaron<\/a> oraz bezpo\u015brednio u mnie, mo\u017cna zam\u00f3wi\u0107 pisz\u0105c na m\u00f3j mail m.muszczynski@gmail.com<\/p>\n<p><strong>A.M.: Jak si\u0119 mo\u017cna z tob\u0105 skontaktowa\u0107 i zaprosi\u0107 ci\u0119 na wiecz\u00f3r autorski?<\/strong><\/p>\n<p>M.M.: Mail ju\u017c poda\u0142em, jestem te\u017c na fb. Spotkania autorskie mam ca\u0142y czas, zar\u00f3wno w bibliotekach, domach kultury, jak te\u017c w ko\u015bcio\u0142ach i prywatnych mieszkaniach. By\u0142em nawet w zak\u0142adzie karnym. Za ka\u017cdym razem jest inaczej, ale bardzo ciekawie.<\/p>\n<p><strong>A.M.: Jaki jest tw\u00f3j kolejny projekt?<\/strong><\/p>\n<p>M.M.: Wkr\u00f3tce uka\u017ce si\u0119 kolejna ksi\u0105\u017cka pod tytu\u0142em <em>Si\u0142a w s\u0142abo\u015bci, paradoksy \u017cycia<\/em>. Opisuj\u0119 w niej z\u0142o\u017cono\u015b\u0107 zar\u00f3wno wiary, jak i innych obszar\u00f3w \u017cycia. Pi\u0119kno miesza si\u0119 z brzydot\u0105, przewodzenie ze s\u0142u\u017ceniem, wolno\u015b\u0107 z przeznaczeniem. W\u0142a\u015bnie o tej mozaice \u017cycia jest moja nowa ksi\u0105\u017cka.<\/p>\n<p><strong>A.M.: Dzi\u0119kuj\u0119 ci za rozmow\u0119. \u017bycz\u0119 powodzenia w dalszej pracy pisarskiej.<\/strong><\/p>\n<p>M.M.: Wielkie dzi\u0119ki, jestem Ci wdzi\u0119czny za zach\u0119t\u0119 i wiele praktycznych rad w trakcie pisania ksi\u0105\u017cki.<\/p>\n<p><a href=\"http:\/\/instytutdidaskalos.pl\/wp-content\/uploads\/2017\/04\/z-Mariuszem-Muszczynskim-2017.02.jpg\"><img decoding=\"async\" loading=\"lazy\" class=\"aligncenter size-full wp-image-8925\" src=\"http:\/\/instytutdidaskalos.pl\/wp-content\/uploads\/2017\/04\/z-Mariuszem-Muszczynskim-2017.02.jpg\" alt=\"z Mariuszem Muszczynskim - 2017.02\" width=\"800\" height=\"600\"><\/a><\/p>\n","protected":false},"excerpt":{"rendered":"<p>Wywiad, kt\u00f3ry Andrzej Mytych przeprowadzi\u0142 z Mariuszem Muszczy\u0144skim na temat jego ksi\u0105\u017cki &#8222;B\u00f3g ma si\u0119 dobrze&#8221;.<\/p>\n","protected":false},"author":1,"featured_media":8938,"comment_status":"open","ping_status":"open","sticky":false,"template":"","format":"video","meta":{"_et_pb_use_builder":"","_et_pb_old_content":"","_et_gb_content_width":"","ngg_post_thumbnail":0},"categories":[383,133,384,1361,158,177,126],"tags":[1354,16,1355,266,553,1356,268,590,1357,1358,1359,44,1188,1003,489,812,1360,1240,406,282,1362,187,1363,1364,560,1365,1366],"jetpack_featured_media_url":"","_links":{"self":[{"href":"https:\/\/test.instytutdidaskalos.pl\/index.php?rest_route=\/wp\/v2\/posts\/8922"}],"collection":[{"href":"https:\/\/test.instytutdidaskalos.pl\/index.php?rest_route=\/wp\/v2\/posts"}],"about":[{"href":"https:\/\/test.instytutdidaskalos.pl\/index.php?rest_route=\/wp\/v2\/types\/post"}],"author":[{"embeddable":true,"href":"https:\/\/test.instytutdidaskalos.pl\/index.php?rest_route=\/wp\/v2\/users\/1"}],"replies":[{"embeddable":true,"href":"https:\/\/test.instytutdidaskalos.pl\/index.php?rest_route=%2Fwp%2Fv2%2Fcomments&post=8922"}],"version-history":[{"count":0,"href":"https:\/\/test.instytutdidaskalos.pl\/index.php?rest_route=\/wp\/v2\/posts\/8922\/revisions"}],"wp:featuredmedia":[{"embeddable":true,"href":"https:\/\/test.instytutdidaskalos.pl\/index.php?rest_route=\/"}],"wp:attachment":[{"href":"https:\/\/test.instytutdidaskalos.pl\/index.php?rest_route=%2Fwp%2Fv2%2Fmedia&parent=8922"}],"wp:term":[{"taxonomy":"category","embeddable":true,"href":"https:\/\/test.instytutdidaskalos.pl\/index.php?rest_route=%2Fwp%2Fv2%2Fcategories&post=8922"},{"taxonomy":"post_tag","embeddable":true,"href":"https:\/\/test.instytutdidaskalos.pl\/index.php?rest_route=%2Fwp%2Fv2%2Ftags&post=8922"}],"curies":[{"name":"wp","href":"https:\/\/api.w.org\/{rel}","templated":true}]}}