{"id":8888,"date":"2017-05-02T17:34:29","date_gmt":"2017-05-02T15:34:29","guid":{"rendered":"http:\/\/instytutdidaskalos.pl\/?p=8888"},"modified":"2017-05-02T17:34:29","modified_gmt":"2017-05-02T15:34:29","slug":"bog-wybiera-niedoskonalych-ludzi","status":"publish","type":"post","link":"https:\/\/test.instytutdidaskalos.pl\/?p=8888","title":{"rendered":"B\u00f3g wybiera niedoskona\u0142ych ludzi"},"content":{"rendered":"<p>Jednym z najwspanialszych przyw\u00f3dc\u00f3w chrze\u015bcija\u0144skich przedstawionych w Nowym Testamencie jest z pewno\u015bci\u0105 Saul, nazywany p\u00f3\u017aniej aposto\u0142em Paw\u0142em. By\u0142 cz\u0142owiekiem wybranym przez Boga, kt\u00f3ry dokona\u0142 niezwyk\u0142ych rzeczy dla Kr\u00f3lestwa Bo\u017cego i kt\u00f3ry a\u017c do dnia dzisiejszego wywiera wielki wp\u0142yw na \u017cycie milion\u00f3w ludzi poprzez swoj\u0105 biografi\u0119 przedstawion\u0105 w Nowym Testamencie, a tak\u017ce poprzez listy, kt\u00f3re napisa\u0142. By\u0142 cz\u0142owiekiem niezwyk\u0142ym, jednak nie dlatego, \u017ce by\u0142 doskona\u0142y, ale dlatego, \u017ce by\u0142 wybrany przez doskona\u0142ego Boga i pozwoli\u0142 swojemu Stw\u00f3rcy ja\u015bnie\u0107 przez siebie.<\/p>\n<p><!--more--><\/p>\n<h3>B\u00f3g cz\u0119sto do wielkich zada\u0144 wybiera osoby, kt\u00f3re nie zosta\u0142yby wybrane przez ludzi<\/h3>\n<p>Z ludzkiego punktu widzenia Saul by\u0142 najprawdopodobniej najmniej odpowiednim kandydatem na przyw\u00f3dc\u0119 ko\u015bcio\u0142a i aposto\u0142a. Gdy dzisiaj patrzymy na niego, to postrzegamy go przez pryzmat jego ko\u0144ca. Jednak popatrz na niego poprzez pryzmat tego, jak zaczyna\u0142. Po raz pierwszy Pismo \u015awi\u0119te wspomina o nim w kontek\u015bcie prze\u015bladowa\u0144 pierwszego ko\u015bcio\u0142a.<\/p>\n<blockquote><p>I kamienowali Szczepana, kt\u00f3ry si\u0119 modli\u0142 tymi s\u0142owy: Panie Jezu, przyjmij ducha mego. A pad\u0142szy na kolana, zawo\u0142a\u0142 dono\u015bnym g\u0142osem: Panie, nie policz im grzechu tego. A gdy to powiedzia\u0142, skona\u0142. <strong>A Saul r\u00f3wnie\u017c zgadza\u0142 si\u0119 z tym zab\u00f3jstwem.<\/strong> W owym czasie rozpocz\u0119\u0142o si\u0119 wielkie prze\u015bladowanie zboru w Jerozolimie(\u2026) <strong>A Saul t\u0119pi\u0142 zb\u00f3r; wchodzi\u0142 do dom\u00f3w, wywleka\u0142 m\u0119\u017cczyzn i niewiasty i wtr\u0105ca\u0142 do wi\u0119zienia.<\/strong> (Dz 7:59-8a,3)<\/p>\n<p><strong>A Saul, dysz\u0105c jeszcze gro\u017ab\u0105 i ch\u0119ci\u0105 mordu przeciwko uczniom Pa\u0144skim<\/strong>, przyszed\u0142 do arcykap\u0142ana i prosi\u0142 go o listy do synagog w Damaszku, aby m\u00f3g\u0142, je\u015bliby znalaz\u0142 jakich zwolennik\u00f3w drogi Pa\u0144skiej, zar\u00f3wno m\u0119\u017cczyzn jak i kobiety, uwi\u0119zi\u0107 ich i przyprowadzi\u0107 do Jerozolimy. (Dz 9:1-2)<\/p>\n<p>S\u0142ysza\u0142em od wielu o tym m\u0119\u017cu [Saulu],<strong> ile z\u0142ego wyrz\u0105dzi\u0142 \u015bwi\u0119tym w Jerozolimie<\/strong>. (Dz 9:13)<\/p><\/blockquote>\n<p>Saul by\u0142 faryzeuszem, przekonanym, \u017ce uczniowie Jezusa s\u0105 zwiedzeni i musz\u0105 by\u0107 powstrzymani. Nie rozpoznawa\u0142 w Jezusie Mesjasza, by\u0142 prze\u015bladowc\u0105 ko\u015bcio\u0142a, nienawidzi\u0142 ko\u015bci\u00f3\u0142, dysza\u0142 \u017c\u0105dz\u0105 mordu. Postanowi\u0142 po\u015bwi\u0119ci\u0107 si\u0119 dzie\u0142u zniszczenia ko\u015bcio\u0142a. By\u0142 tak za\u017cartym i gorliwym wrogiem Drogi Pa\u0144skiej, \u017ce 3 lata po swoim nawr\u00f3ceniu, gdy przyszed\u0142 do Jerozolimy, nikt nie uwierzy\u0142 w jego nawr\u00f3cenie. Dopiero Barnaba przekona\u0142 do niego przyw\u00f3dc\u00f3w i umo\u017cliwi\u0142 mu spotkanie z Piotrem (Gl 1:17-19, Dz 9:26-28).<\/p>\n<p>Pomy\u015bl sobie, jakby\u015b si\u0119 czu\u0142, gdyby nikt nie uwierzy\u0142 w twoje nawr\u00f3cenie, ani w ciebie? Ludzie wierz\u0105cy ukrywali si\u0119 przed nim. Pomy\u015bl, kim on musia\u0142 by\u0107 przed swoim nawr\u00f3ceniem i co robi\u0107, aby zapracowa\u0107 sobie na tak\u0105 reputacj\u0119 i reakcj\u0119?\u00a0(Wygl\u0105da to tak, jakby si\u0119 bali, \u017ce jest tajnym agentem. Zwr\u00f3\u0107 uwag\u0119 na to, \u017ce wtedy ludzie id\u0105c za Jezusem ryzykowali swoim \u017cyciem.) Z pewno\u015bci\u0105 z ludzkiego punktu widzenia Saul nie by\u0142 dobrym kandydatem na przyw\u00f3dc\u0119, ale z jakiego\u015b powodu to w\u0142a\u015bnie jego B\u00f3g wybra\u0142 na aposto\u0142a i wa\u017cnego\u00a0 teologa ko\u015bcio\u0142a.<\/p>\n<blockquote><p>Cz\u0119sto do wa\u017cnych zada\u0144 B\u00f3g wybiera ludzi, kt\u00f3rych nie wybra\u0142by cz\u0142owiek.<\/p><\/blockquote>\n<p>Wiele lat po swoim nawr\u00f3ceniu aposto\u0142 Pawe\u0142, patrz\u0105c na swoje \u017cycie w retrospektywie, napisa\u0142:<\/p>\n<blockquote><p>A w ko\u0144cu po wszystkich ukaza\u0142 si\u0119 i <strong>mnie jako poronionemu p\u0142odowi<\/strong>. Ja bowiem jestem najmniejszym z aposto\u0142\u00f3w i <strong>nie jestem godzien<\/strong> nazywa\u0107 si\u0119 aposto\u0142em, gdy\u017c <strong>prze\u015bladowa\u0142em Ko\u015bci\u00f3\u0142 Bo\u017cy<\/strong>. Ale z \u0142aski Boga jestem tym, czym jestem, a \u0142aska jego okazana mi nie by\u0142a daremna, lecz daleko wi\u0119cej ni\u017c oni wszyscy pracowa\u0142em, wszak\u017ce nie ja, lecz \u0142aska Bo\u017ca, kt\u00f3ra jest ze mn\u0105. (1 Kor 15:8-10)<\/p><\/blockquote>\n<p>W podobny spos\u00f3b opisywa\u0142 swoje pocz\u0105tki w li\u015bcie do swojego duchowego syna, Tymoteusza:<\/p>\n<blockquote><p>Dzi\u0119ki sk\u0142adam temu, kt\u00f3ry mnie wzmocni\u0142, Chrystusowi Jezusowi, Panu naszemu, za to, \u017ce mnie uzna\u0142 za godnego zaufania, zleciwszy mi t\u0119 s\u0142u\u017cb\u0119,\u00a0 mimo to, \u017ce przedtem <strong>by\u0142em blu\u017anierc\u0105 i prze\u015bladowc\u0105, i gn\u0119bicielem<\/strong>, ale mi\u0142osierdzia dost\u0105pi\u0142em, bo czyni\u0142em to nie\u015bwiadomie, w niewierze. A \u0142aska Pana naszego sta\u0142a si\u0119 bardzo obfita wraz z wiar\u0105 i mi\u0142o\u015bci\u0105, kt\u00f3ra jest w Chrystusie Jezusie. Prawdziwa to mowa i w ca\u0142ej pe\u0142ni przyj\u0119cia godna, \u017ce Chrystus Jezus przyszed\u0142 na \u015bwiat, aby zbawi\u0107 grzesznik\u00f3w, z kt\u00f3rych ja jestem pierwszy. Ale dlatego mi\u0142osierdzia dost\u0105pi\u0142em, aby na mnie pierwszym Jezus Chrystus okaza\u0142 wszelk\u0105 cierpliwo\u015b\u0107 dla przyk\u0142adu tym, kt\u00f3rzy maj\u0105 we\u0144 uwierzy\u0107 ku \u017cywotowi wiecznemu. (1 Tm 1:12-17)<\/p><\/blockquote>\n<p>Dlaczego Pawe\u0142 wywiera\u0142 i wci\u0105\u017c wywiera tak wielki wp\u0142yw na narody? Czy my\u015blisz, \u017ce z powodu swojej ludzkiej doskona\u0142o\u015bci? Nie, to by\u0142o mo\u017cliwe poniewa\u017c zosta\u0142 wybrany przez doskona\u0142ego Boga. Odni\u00f3s\u0142 sukces, bo by\u0142 gotowy podda\u0107 si\u0119 doskona\u0142emu Bogu, przyj\u0105\u0107 Jego \u0142ask\u0119, pozwoli\u0107 jej pracowa\u0107 w nim i poprzez niego. B\u00f3g i Jego \u0142aska by\u0142y prawdziwym kluczem do jego sukcesu.<\/p>\n<h3>Jeste\u015bmy tylko glinianymi naczyniami, kt\u00f3re maj\u0105 ukazywa\u0107 chwa\u0142\u0119 Boga \u017cyj\u0105cego w nas<\/h3>\n<p>Aposto\u0142 Pawe\u0142 nigdy nie pr\u00f3bowa\u0142 siebie idealizowa\u0107 i przedstawia\u0107 w doskona\u0142y spos\u00f3b. W jednym ze swoich list\u00f3w napisa\u0142:<\/p>\n<blockquote><p>Bo B\u00f3g, kt\u00f3ry rzek\u0142: Z ciemno\u015bci niech \u015bwiat\u0142o\u015b\u0107 za\u015bwieci, roz\u015bwieci\u0142 serca nasze, aby zaja\u015bnia\u0142o poznanie chwa\u0142y Bo\u017cej, kt\u00f3ra jest na obliczu Chrystusowym. <strong>Mamy za\u015b ten skarb w naczyniach glinianych, aby si\u0119 okaza\u0142o, \u017ce moc, kt\u00f3ra wszystko przewy\u017csza, jest z Boga, a nie z nas.<\/strong> (2 Kor 4:6-7)<\/p><\/blockquote>\n<p>Tekst ten wyra\u017anie daje nam do zrozumienia, \u017ce zanim nawiedzi nas B\u00f3g jeste\u015bmy w ciemno\u015bci i to na Jego s\u0142owo w naszym \u017cyciu pojawia si\u0119 \u015bwiat\u0142o\u015b\u0107. Sami w sobie nie jeste\u015bmy \u015bwiat\u0142o\u015bci\u0105, nie mo\u017cemy te\u017c wykrzesa\u0107 z siebie \u015bwiat\u0142o\u015bci. Zanurzamy si\u0119 w niej dzi\u0119ki \u0142asce Bo\u017cej. Co wi\u0119cej, nasz skarb to nie my, ale to co w nas Bo\u017ce, i na dodatek jest to umieszczone w glinianym naczyniu, kt\u00f3rym w rzeczywisto\u015bci jeste\u015bmy.<\/p>\n<blockquote><p><em>Tu nie chodzi o to, na ile jeste\u015bmy doskonali, ale o to, na ile ukazujemy na doskona\u0142ego Boga.<\/em><\/p><\/blockquote>\n<p>Ka\u017cdy z nas jest jak kruche i niedoskona\u0142e naczynie gliniane, ale znaczenie ma nie naczynie, ale obecno\u015b\u0107 Boga, kt\u00f3ra mo\u017ce ja\u015bnie\u0107 poprzez nie. Czasami szczeg\u00f3lnie mocno ja\u015bnieje On poprzez p\u0119kni\u0119cia i rysy na skorupie naszego \u017cycia.<\/p>\n<h3><a href=\"http:\/\/instytutdidaskalos.pl\/wp-content\/uploads\/2017\/04\/Pietro_Folo_Leonardo_Camia_-_S\u00e3o_Paulo.jpg\"><img decoding=\"async\" loading=\"lazy\" class=\"alignright wp-image-8898 size-medium\" src=\"http:\/\/instytutdidaskalos.pl\/wp-content\/uploads\/2017\/04\/Pietro_Folo_Leonardo_Camia_-_S\u00e3o_Paulo-190x300.jpg\" alt=\"Pietro_Folo,_Leonardo_Camia_-_S\u00e3o_Paulo\" width=\"190\" height=\"300\" \/><\/a>B\u00f3g okaza\u0142 aposto\u0142owi Paw\u0142owi \u0142ask\u0119 i zastrzeg\u0142 sobie, \u017ce Jego \u0142aska jest wystarczaj\u0105ca<\/h3>\n<p>Studiuj\u0105c pisma aposto\u0142a Paw\u0142a widzimy, \u017ce B\u00f3g nie uczyni\u0142 doskona\u0142ym, ani jego, ani jego \u017cycia, ani te\u017c jego s\u0142u\u017cby.<\/p>\n<blockquote><p>Bym si\u0119 wi\u0119c z nadzwyczajno\u015bci objawie\u0144 zbytnio nie wynosi\u0142, wbity zosta\u0142 cier\u0144 w cia\u0142o moje, jakby pos\u0142aniec szatana, by mnie policzkowa\u0142, abym si\u0119 zbytnio nie wynosi\u0142. W tej sprawie trzy razy prosi\u0142em Pana, by odst\u0105pi\u0142 ode mnie<strong>. Lecz powiedzia\u0142 do mnie: dosy\u0107 masz, gdy masz \u0142ask\u0119 moj\u0105, albowiem pe\u0142nia mej mocy okazuje si\u0119 w s\u0142abo\u015bci.<\/strong> Najch\u0119tniej wi\u0119c chlubi\u0107 si\u0119 b\u0119d\u0119 s\u0142abo\u015bciami, aby zamieszka\u0142a we mnie moc Chrystusowa. Dlatego mam upodobanie w s\u0142abo\u015bciach, w zniewagach, w potrzebach, w prze\u015bladowaniach, w uciskach dla Chrystusa; albowiem kiedy jestem s\u0142aby, wtedy jestem mocny. (2 Kor 12:7-10)<\/p><\/blockquote>\n<p>Wielu chrze\u015bcijan pragnie by\u0107 doskona\u0142ymi, silnymi, chc\u0105 prowadzi\u0107 idealne i w pe\u0142ni zwyci\u0119skie \u017cycie. Jednak czasami B\u00f3g pozwala, aby w \u017cyciu cz\u0142owieka pojawi\u0142o si\u0119 co\u015b, co sprawi, \u017ce b\u0119dzie ono <em>niedoskona\u0142e<\/em>. Z jakiego\u015b powodu B\u00f3g nie jest zainteresowany tym, aby nasze \u017cycie by\u0142o w 100% idealne i doskona\u0142e. On nie usuwa wszystkich naszych s\u0142abo\u015bci. Pomaga nam to trwa\u0107 w pokorze. Poza tym, nasze s\u0142abo\u015bci sprawiaj\u0105, \u017ce dzi\u0119ki tym <em>wyrwom<\/em> i <em>rysom<\/em> nie zas\u0142aniamy pi\u0119kna Boga, bo pe\u0142nia mocy Bo\u017cej okazuje si\u0119 w naszych s\u0142abo\u015bciach.<\/p>\n<p>Cz\u0142owiek mo\u017ce zawsze by\u0107 z czego\u015b niezadowolony i mo\u017ce uwa\u017ca\u0107, \u017ce czego\u015b mu brakuje, ale prawda jest taka, \u017ce Bo\u017ca \u0142aska jest wszystkim, czego potrzebujemy. Nasze \u017cycie nie musi by\u0107 idealnym, wa\u017cnym jednak jest, aby przyj\u0105\u0107 Bo\u017c\u0105 \u0142ask\u0119 i pozwoli\u0107 jej dzia\u0142a\u0107 w nas i poprzez nas.<\/p>\n<blockquote><p><em>Nie potrzebujemy, aby nasze \u017cycie by\u0142o doskona\u0142ym. Potrzebujemy, aby DOSKONA\u0141Y B\u00f3g zamieszka\u0142 w nas. Potrzebujemy Jego \u0142aski ka\u017cdego dnia, a nie naszej ludzkiej mocy i doskona\u0142o\u015bci.<\/em><\/p><\/blockquote>\n<p>Photo credit: <a href=\"https:\/\/commons.wikimedia.org\/wiki\/File:Pietro_Folo,_Leonardo_Camia_-_S\u00e3o_Paulo.jpg\">commons.wikimedia.org<\/a><\/p>\n","protected":false},"excerpt":{"rendered":"<p>Jednym z najwspanialszych przyw\u00f3dc\u00f3w chrze\u015bcija\u0144skich przedstawionych w Nowym Testamencie jest z pewno\u015bci\u0105 Saul, nazywany p\u00f3\u017aniej aposto\u0142em Paw\u0142em. By\u0142 cz\u0142owiekiem wybranym przez Boga, kt\u00f3ry dokona\u0142 niezwyk\u0142ych rzeczy dla Kr\u00f3lestwa Bo\u017cego i kt\u00f3ry a\u017c do dnia dzisiejszego wywiera wielki wp\u0142yw na \u017cycie milion\u00f3w ludzi poprzez swoj\u0105 biografi\u0119 przedstawion\u0105 w Nowym Testamencie, a tak\u017ce poprzez listy, kt\u00f3re napisa\u0142. [&hellip;]<\/p>\n","protected":false},"author":1,"featured_media":8898,"comment_status":"open","ping_status":"open","sticky":false,"template":"","format":"image","meta":{"_et_pb_use_builder":"","_et_pb_old_content":"","_et_gb_content_width":"","ngg_post_thumbnail":0},"categories":[19,320,30,158,126],"tags":[1340,748,1341,16,1327,1342,1214,1343,1344,1345,1346,1218,1257,1347,1335,1348,812,1349,46,1350,941,1351,1239,1352,1353,239],"jetpack_featured_media_url":"","_links":{"self":[{"href":"https:\/\/test.instytutdidaskalos.pl\/index.php?rest_route=\/wp\/v2\/posts\/8888"}],"collection":[{"href":"https:\/\/test.instytutdidaskalos.pl\/index.php?rest_route=\/wp\/v2\/posts"}],"about":[{"href":"https:\/\/test.instytutdidaskalos.pl\/index.php?rest_route=\/wp\/v2\/types\/post"}],"author":[{"embeddable":true,"href":"https:\/\/test.instytutdidaskalos.pl\/index.php?rest_route=\/wp\/v2\/users\/1"}],"replies":[{"embeddable":true,"href":"https:\/\/test.instytutdidaskalos.pl\/index.php?rest_route=%2Fwp%2Fv2%2Fcomments&post=8888"}],"version-history":[{"count":0,"href":"https:\/\/test.instytutdidaskalos.pl\/index.php?rest_route=\/wp\/v2\/posts\/8888\/revisions"}],"wp:featuredmedia":[{"embeddable":true,"href":"https:\/\/test.instytutdidaskalos.pl\/index.php?rest_route=\/"}],"wp:attachment":[{"href":"https:\/\/test.instytutdidaskalos.pl\/index.php?rest_route=%2Fwp%2Fv2%2Fmedia&parent=8888"}],"wp:term":[{"taxonomy":"category","embeddable":true,"href":"https:\/\/test.instytutdidaskalos.pl\/index.php?rest_route=%2Fwp%2Fv2%2Fcategories&post=8888"},{"taxonomy":"post_tag","embeddable":true,"href":"https:\/\/test.instytutdidaskalos.pl\/index.php?rest_route=%2Fwp%2Fv2%2Ftags&post=8888"}],"curies":[{"name":"wp","href":"https:\/\/api.w.org\/{rel}","templated":true}]}}