{"id":8411,"date":"2016-11-20T20:00:39","date_gmt":"2016-11-20T19:00:39","guid":{"rendered":"http:\/\/instytutdidaskalos.pl\/?p=8411"},"modified":"2016-11-20T20:00:39","modified_gmt":"2016-11-20T19:00:39","slug":"bogactwo-wielokulturowosci","status":"publish","type":"post","link":"https:\/\/test.instytutdidaskalos.pl\/?p=8411","title":{"rendered":"Bogactwo wielokulturowo\u015bci"},"content":{"rendered":"<h3><a href=\"http:\/\/instytutdidaskalos.pl\/wp-content\/uploads\/2016\/11\/Milwaukee-November-2017.jpg\"><img decoding=\"async\" loading=\"lazy\" class=\"aligncenter size-full wp-image-8409\" src=\"http:\/\/instytutdidaskalos.pl\/wp-content\/uploads\/2016\/11\/Milwaukee-November-2017.jpg\" alt=\"milwaukee-november-2017\" width=\"797\" height=\"768\" \/><\/a>Polska to dziwny kraj<\/h3>\n<p>Jaki\u015b czas temu do Polski przyjecha\u0142 m\u00f3j znajomy ze Stan\u00f3w Zjednoczonych. Kt\u00f3rego\u015b dnia, gdy spacerowali\u015bmy po Krakowie, zatrzyma\u0142 si\u0119 i zacz\u0105\u0142 uwa\u017cnie rozgl\u0105da\u0107 si\u0119 wok\u00f3\u0142 siebie. W pewnym momencie powiedzia\u0142:<\/p>\n<p>&#8211; Andrzej, tw\u00f3j kraj jest dziwny.<\/p>\n<p>&#8211; Dziwny? &#8211; zaciekawi\u0142 mnie. &#8211; A co w moim kraju jest takie dziwne?<\/p>\n<p><!--more--><\/p>\n<p>&#8211; Tutaj s\u0105 sami biali.<\/p>\n<h3>Kraj monokulturowy<\/h3>\n<p>Wychowa\u0142em si\u0119 w Polsce i nigdy nie zwraca\u0142em uwagi na to, \u017ce \u017cyj\u0119 w kraju, w kt\u00f3rym zasadniczo przewa\u017ca jedna rasa, jedna grupa etniczna, jedna kultura, jeden j\u0119zyk, a nawet jedna wersja historii.<\/p>\n<p>Zak\u0142ada\u0142em, \u017ce wi\u0119kszo\u015b\u0107 pa\u0144stw \u015bwiata jest takich. Jednak prawda jest inna &#8211; wi\u0119kszo\u015b\u0107 kraj\u00f3w jest wielokulturowa, wieloetniczna i wieloj\u0119zykowa.<\/p>\n<p>Niekt\u00f3re kraje, lub wielkie miasta, doprowadzaj\u0105 do zawrot\u00f3w g\u0142owy swoj\u0105 mozaik\u0105 wielokulturowo\u015bci. S\u0105 niezwyk\u0142e.<\/p>\n<h3>Polska nie zawsze by\u0142a krajem monokulturowym<\/h3>\n<p>Gdy pracowa\u0142em nad swoj\u0105 pierwsz\u0105 biografi\u0105, wielkim zaskoczeniem dla mnie by\u0142o odkrycie, \u017ce przed II Wojn\u0105 \u015awiatow\u0105, na jednej ulicy mogli mieszka\u0107 Niemcy, Polacy, Czesi, Ukrai\u0144cy, Bia\u0142orusini i \u017bydzi. By\u0142y miejsca, gdzie mieszkali Rumuni, \u0141otysze, \u0141emkowie, Litwini i inne narodowo\u015bci. Co wi\u0119cej, wielu ludzi pos\u0142ugiwa\u0142o si\u0119 kilkunastoma j\u0119zykami. Wielu zna\u0142o przynajmniej trzy j\u0119zyki. Ludzie u\u017cywali te\u017c dialekt\u00f3w.<\/p>\n<p>Do naszej monokulturowo\u015bci doprowadzi\u0142y wydarzenia wojenne, decyzje polityczne i edukacyjne, a tak\u017ce zamkni\u0119cie i uszczelnienie granic.<\/p>\n<h3>Zaciekawienie innymi grupami etnicznymi i rasami<\/h3>\n<p>Wychowa\u0142em si\u0119 w\u015br\u00f3d bia\u0142ych ludzi, w jednej kulturze i pos\u0142uguj\u0105c si\u0119 jednym j\u0119zykiem. Jednak gdy nawr\u00f3ci\u0142em si\u0119 do Boga i podda\u0142em si\u0119 Jego powo\u0142aniu, to moje \u017cycie zosta\u0142o wyeksponowane na inny, wi\u0119kszy, bardziej z\u0142o\u017cony \u015bwiat.<\/p>\n<p>Ostatnio sp\u0119dzi\u0142em kilka tygodni z grup\u0105 ludzi z r\u00f3\u017cnych ras, grup etnicznych, kt\u00f3rzy na co dzie\u0144 pos\u0142uguj\u0105 si\u0119 r\u00f3\u017cnymi j\u0119zykami. W\u015br\u00f3d nich by\u0142o kilkunastu wykszta\u0142conych i niezwykle inteligentnych Afryka\u0144czyk\u00f3w. Naprawd\u0119 niezwykli ludzie, kt\u00f3rzy bardzo mnie ubogacili.<\/p>\n<h3><a href=\"http:\/\/instytutdidaskalos.pl\/wp-content\/uploads\/2016\/11\/Milwaukee-October-2016.jpg\"><img decoding=\"async\" loading=\"lazy\" class=\"aligncenter size-full wp-image-8410\" src=\"http:\/\/instytutdidaskalos.pl\/wp-content\/uploads\/2016\/11\/Milwaukee-October-2016.jpg\" alt=\"milwaukee-october-2016\" width=\"800\" height=\"541\" \/><\/a>Czy naprawd\u0119 nasza monokulturowo\u015b\u0107 jest dla nas a\u017c tak korzystna?<\/h3>\n<p>Z pewno\u015bci\u0105 du\u017cy wp\u0142yw wywar\u0142y na mnie podr\u00f3\u017ce i relacje z obcokrajowcami. To, kim jestem, w du\u017cym stopniu zawdzi\u0119czam Brytyjczykom, Amerykanom, Niemcom, Ukrai\u0144com, Bia\u0142orusinom i \u017bydom. Nie by\u0142bym tym, kim jestem, gdyby nie ludzie z tych grup etnicznych.<\/p>\n<p>Dzisiaj has\u0142a typu <em>Polska dla Polak\u00f3w<\/em> budz\u0105 u mnie du\u017ce w\u0105tpliwo\u015bci. Nie s\u0105dz\u0119, \u017ce bycie wychowanym w obr\u0119bie jednej grupy etnicznej, w jednej kulturze, w jednym j\u0119zyku, w jednej wersji historycznej, jest a\u017c takie dobre (cho\u0107 pewnie bezpieczniejsze).<\/p>\n<p>Oczywi\u015bcie nie jestem naiwny. Zdaj\u0119 sobie spraw\u0119 z wielu zagro\u017ce\u0144, jestem te\u017c \u015bwiadomy potworno\u015bci, kt\u00f3re mia\u0142y miejsce w przesz\u0142o\u015bci (i w wielu miejscach maj\u0105 miejsce obecnie) na tle star\u0107 etnicznych, rasowych i religijnych. Jednak niezale\u017cnie od naszych l\u0119k\u00f3w, uprzedze\u0144 i niech\u0119ci przed zmianami, ludzie b\u0119d\u0105 migrowa\u0107, a nasz kraj nasyci si\u0119 innymi grupami etnicznymi, kulturami, j\u0119zykami i rasami.<\/p>\n<p>Czy to b\u0119dzie dobre? Nie wiem. Jednak tak naprawd\u0119 nie mamy na to wp\u0142ywu. Wkr\u00f3tce, na twojej ulicy b\u0119d\u0105 mieszkali ludzie z innych narodowo\u015bci, maj\u0105cy inne kolory sk\u00f3ry.<\/p>\n<p>Kiedy\u015b wielkim problemem w naszym kraju by\u0142o, je\u015bli kto\u015b nie by\u0142 katolikiem, a baptyst\u0105, zielono\u015bwi\u0105tkowcem, czy \u015awiadkiem Jehowy. Jutro w twojej klatce mo\u017ce mieszka\u0107 trzech zaci\u0119tych ateist\u00f3w, rodzina buddyst\u00f3w i muzu\u0142manin.<\/p>\n<h3>Znaczenie modlitwy<\/h3>\n<p>My\u015bl\u0119, \u017ce to jest czas, w kt\u00f3rym warto modli\u0107 si\u0119 do Boga o Jego \u0142ask\u0119 dla naszego kraju, a tak\u017ce o m\u0105dro\u015b\u0107 dla nas i dla naszych przyw\u00f3dc\u00f3w.<\/p>\n<p>Trudno powiedzie\u0107, co przynios\u0105 zmiany, ale \u0142atwiej b\u0119dzie zmierzy\u0107 si\u0119 z nimi wraz Bogiem. S\u0142owa modlitwy b\u0119d\u0105 zapewne mia\u0142y wi\u0119ksze znaczenie ni\u017c mowa nienawi\u015bci.<\/p>\n<blockquote><p>Oczywi\u015bcie walczy\u0107 trzeba, warto jednak zastanowi\u0107 si\u0119 nad tym, o co, dlaczego i jak?<\/p><\/blockquote>\n<p>Photo credit: Andrzej Mytych<\/p>\n","protected":false},"excerpt":{"rendered":"<p>Polska to dziwny kraj Jaki\u015b czas temu do Polski przyjecha\u0142 m\u00f3j znajomy ze Stan\u00f3w Zjednoczonych. Kt\u00f3rego\u015b dnia, gdy spacerowali\u015bmy po Krakowie, zatrzyma\u0142 si\u0119 i zacz\u0105\u0142 uwa\u017cnie rozgl\u0105da\u0107 si\u0119 wok\u00f3\u0142 siebie. W pewnym momencie powiedzia\u0142: &#8211; Andrzej, tw\u00f3j kraj jest dziwny. &#8211; Dziwny? &#8211; zaciekawi\u0142 mnie. &#8211; A co w moim kraju jest takie dziwne?<\/p>\n","protected":false},"author":1,"featured_media":8409,"comment_status":"open","ping_status":"open","sticky":false,"template":"","format":"video","meta":{"_et_pb_use_builder":"","_et_pb_old_content":"","_et_gb_content_width":"","ngg_post_thumbnail":0},"categories":[1195,1199,397,12],"tags":[1191,1192,1193,1194,455,386,1196,156,959,1197,1198,393,1200,186,377,1201,192,83],"jetpack_featured_media_url":"","_links":{"self":[{"href":"https:\/\/test.instytutdidaskalos.pl\/index.php?rest_route=\/wp\/v2\/posts\/8411"}],"collection":[{"href":"https:\/\/test.instytutdidaskalos.pl\/index.php?rest_route=\/wp\/v2\/posts"}],"about":[{"href":"https:\/\/test.instytutdidaskalos.pl\/index.php?rest_route=\/wp\/v2\/types\/post"}],"author":[{"embeddable":true,"href":"https:\/\/test.instytutdidaskalos.pl\/index.php?rest_route=\/wp\/v2\/users\/1"}],"replies":[{"embeddable":true,"href":"https:\/\/test.instytutdidaskalos.pl\/index.php?rest_route=%2Fwp%2Fv2%2Fcomments&post=8411"}],"version-history":[{"count":0,"href":"https:\/\/test.instytutdidaskalos.pl\/index.php?rest_route=\/wp\/v2\/posts\/8411\/revisions"}],"wp:featuredmedia":[{"embeddable":true,"href":"https:\/\/test.instytutdidaskalos.pl\/index.php?rest_route=\/"}],"wp:attachment":[{"href":"https:\/\/test.instytutdidaskalos.pl\/index.php?rest_route=%2Fwp%2Fv2%2Fmedia&parent=8411"}],"wp:term":[{"taxonomy":"category","embeddable":true,"href":"https:\/\/test.instytutdidaskalos.pl\/index.php?rest_route=%2Fwp%2Fv2%2Fcategories&post=8411"},{"taxonomy":"post_tag","embeddable":true,"href":"https:\/\/test.instytutdidaskalos.pl\/index.php?rest_route=%2Fwp%2Fv2%2Ftags&post=8411"}],"curies":[{"name":"wp","href":"https:\/\/api.w.org\/{rel}","templated":true}]}}