{"id":8365,"date":"2017-11-15T00:04:44","date_gmt":"2017-11-14T23:04:44","guid":{"rendered":"http:\/\/instytutdidaskalos.pl\/?p=8365"},"modified":"2017-11-15T00:04:44","modified_gmt":"2017-11-14T23:04:44","slug":"towarzystwo-biblijne-z-bukowca","status":"publish","type":"post","link":"https:\/\/test.instytutdidaskalos.pl\/?p=8365","title":{"rendered":"Towarzystwo Biblijne z Bukowca"},"content":{"rendered":"<p><a href=\"http:\/\/instytutdidaskalos.pl\/wp-content\/uploads\/2017\/11\/towarzystwo_biblijne_w_bukowcu_.jpg\"><img decoding=\"async\" loading=\"lazy\" class=\"aligncenter size-full wp-image-9792\" src=\"http:\/\/instytutdidaskalos.pl\/wp-content\/uploads\/2017\/11\/towarzystwo_biblijne_w_bukowcu_.jpg\" alt=\"towarzystwo_biblijne_w_bukowcu_\" width=\"780\" height=\"600\" \/><\/a><\/p>\n<p>Miejscowo\u015b\u0107 Bukowiec dzi\u0119ki siedzibie Zwi\u0105zku Gmin Karkonoskich oraz Fundacji Doliny Pa\u0142ac\u00f3w i Ogrod\u00f3w Kotliny Jeleniog\u00f3rskiej ka\u017cdego roku ulega przeobra\u017ceniu w wyniku nowych inicjatyw. Jedn\u0105 z nich jest odkrywanie historii miejscowo\u015bci. Na wystawach sta\u0142ych w pa\u0142acu i w zaadoptowanym budynku gospodarczym prezentuje si\u0119 wystawy po\u015bwi\u0119cone historii Bukowca oraz wybitnym osobisto\u015bciom mieszkaj\u0105cym tutaj na przestrzeni minionych wiek\u00f3w.<!--more--><\/p>\n<p>Jednym z wa\u017cniejszych wydarze\u0144 w historii miejscowo\u015bci Bukowiec by\u0142o powo\u0142anie 19 czerwca 1815 roku Towarzystwa Biblijnego przez Fryderyka von Reden, kt\u00f3rego celem by\u0142a dzia\u0142alno\u015b\u0107 charytatywna oraz dystrybucja Biblii i Nowych Testament\u00f3w. Przewodnicz\u0105c\u0105 towarzystwa zosta\u0142a jego ma\u0142\u017conka. Inspiracj\u0105 do powstania tej organizacji by\u0142o powo\u0142anie w roku 1814 w Berlinie G\u0142\u00f3wnego Towarzystwa Biblijnego. Od tego momentu zacz\u0119to zajmowa\u0107 si\u0119 dystrybucj\u0105 Pisma \u015awi\u0119tego, a powo\u0142anie Towarzystwa Biblijnego w Bukowcu by\u0142o tylko formalno\u015bci\u0105.<\/p>\n<p>Fryderyka, \u017cona hrabiego von Reden nie by\u0142a osob\u0105 dla kt\u00f3rej religia by\u0142a spraw\u0105 tradycji czy wychowania, lecz rzeczywisto\u015bci\u0105 realn\u0105 w jej sercu, gdy\u017c Jezus Chrystus sta\u0142 si\u0119 dla niej Zbawicielem i Panem \u017cycia. Powsta\u0142y w niej g\u0142\u00f3d duchowy poznania Boga Ojca i Jezusa Chrystusa sprawi\u0142y, \u017ce rozpocz\u0119\u0142a podr\u00f3\u017cowa\u0107 do miejsc przebudze\u0144 duchowych, g\u0142\u00f3wnie do gmin chrze\u015bcija\u0144skich Braci Morawskich w <a href=\"http:\/\/instytutdidaskalos.pl\/misje\/herrnnhut-%e2%80%93-miejsce-narodzin-ruchu-misyjnego#more-1985\" target=\"_blank\" rel=\"noopener\">Herrnhut<\/a> i Niesky na \u0141u\u017cycach G\u00f3rnych. W tym okresie Bracia Morawscy z <a href=\"http:\/\/instytutdidaskalos.pl\/misje\/herrnnhut-%e2%80%93-miejsce-narodzin-ruchu-misyjnego#more-1985\" target=\"_blank\" rel=\"noopener\">Herrnhut<\/a> byli wzorem \u017cycia gminy chrze\u015bcija\u0144skiej i inspiracj\u0105 dla ko\u015bcio\u0142a w \u015bwiecie. Fryderyka widz\u0105c jak funkcjonuje wsp\u00f3lnota chrze\u015bcijan i jak\u0105 prowadzi dzia\u0142alno\u015b\u0107, zosta\u0142a bardzo poruszona i zainspirowana do ich na\u015bladowania.<\/p>\n<p>Od marca 1822 roku zacz\u0119\u0142a prowadzi\u0107 codzienne spotkania grupy biblijnej, podczas kt\u00f3rych \u015bpiewano pie\u015bni chrze\u015bcija\u0144skie, czytano i rozwa\u017cano Bibli\u0119 oraz modlono si\u0119 o siebie nawzajem i o potrzeby innych.<\/p>\n<p>Kolejn\u0105 dzia\u0142alno\u015bci\u0105 stowarzyszenia, kt\u00f3rej podj\u0119\u0142a si\u0119 Fryderyka by\u0142a dystrybucja Biblii w j\u0119zyku niemieckim, aby Dobra Nowina o Jezusie Chrystusie mog\u0142a dotrze\u0107 do mieszka\u0144c\u00f3w wsi, miasteczek i miast w Kotlinie Jeleniog\u00f3rskiej oraz na \u015al\u0105sku. W latach najwi\u0119kszego rozkwitu dzia\u0142alno\u015bci stowarzyszenie posiada\u0142o oko\u0142o 80 fili i by\u0142o najwi\u0119ksz\u0105 i najbardziej dynamicznie dzia\u0142aj\u0105c\u0105 tego typu organizacj\u0105 misyjn\u0105 na \u015al\u0105sku.<\/p>\n<p>Fryderyka prowadzi\u0142a otwarty dom, a w\u015br\u00f3d wielu odwiedzaj\u0105cych go\u015bci byli kaznodzieje i misjonarze Braci Morawskich. Gdy uczestniczy\u0142a w nabo\u017ce\u0144stwach Braci Morawskich w ko\u015bcio\u0142ach w <a href=\"http:\/\/instytutdidaskalos.pl\/misje\/herrnnhut-%e2%80%93-miejsce-narodzin-ruchu-misyjnego#more-1985\" target=\"_blank\" rel=\"noopener\">Herrnhut <\/a>i Niesky, mia\u0142a mo\u017cliwo\u015b\u0107 zobaczy\u0107 misjonarzy \u00a0i us\u0142ysze\u0107 o dzia\u0142alno\u015bci misyjnej prowadzonej w r\u00f3\u017cnych regionach na \u015bwiecie. To sta\u0142o si\u0119 inspiracj\u0105 do zaanga\u017cowania si\u0119 w prac\u0119 misyjn\u0105 na \u015al\u0105sku i w innych cz\u0119\u015bciach globu.<\/p>\n<p>Kolejn\u0105 dzia\u0142alno\u015bci\u0105 Towarzystwa Biblijnego by\u0142o niesienie praktycznej pomocy do miejsc lub os\u00f3b o du\u017cych potrzebach. W przypadku kl\u0119sk \u017cywio\u0142owych wspierano biednych ch\u0142op\u00f3w i rzemie\u015blnik\u00f3w, kt\u00f3rzy zostali nimi dotkni\u0119ci. Wybudowano szko\u0142\u0119 w Bukowcu (g\u0142\u00f3wnie sfinansowanej przez Fryderyk\u0119) i dom opieki w Kostrzycy. Otwarto fundusze na wsparcie dzieci uzdolnionych i tych b\u0119d\u0105cych w du\u017cych potrzebach. \u00a0W \u015bwi\u0119ta jak Bo\u017ce Narodzenie, rocznic\u0119 Dnia Reformacji lub urodzin hrabiego Fryderyka uczniowie ze szko\u0142y w Bukowcu otrzymywali warto\u015bciowe prezenty i obfite jedzenie. Dzieci, kt\u00f3rych nie by\u0142o sta\u0107 na nowe obuwie otrzymywali je w prezencie. W roku 1831 otworzono jad\u0142odajnie dla g\u0142oduj\u0105cych gdy wybuch\u0142o zagro\u017cenie epidemi\u0105 cholery ze wschodu, aby zwi\u0119kszy\u0107 ich odporno\u015b\u0107 fizyczn\u0105. Dzia\u0142alno\u015b\u0107 Towarzystwa Biblijnego z Bukowca wykracza\u0142a daleko poza wymienione wy\u017cej przyk\u0142ady. Dla zainteresowanych dzia\u0142alno\u015bci\u0105 towarzystwa proponuj\u0119 zapoznanie si\u0119 z biografi\u0105 ma\u0142\u017ce\u0144stwa von Reden.<\/p>\n<h3>Linki<\/h3>\n<p><a href=\"https:\/\/szukajacboga.pl\/moja-historia\/\" target=\"_blank\" rel=\"noopener\">Historie &#8230;<\/a><\/p>\n<p><a href=\"http:\/\/instytutdidaskalos.pl\/historia-protestantow\/biblia-jeleniogorska#more-9557\" target=\"_blank\" rel=\"noopener\">Biblia Jeleniog\u00f3rska<\/a><\/p>\n<p><a href=\"http:\/\/instytutdidaskalos.pl\/misje\/herrnnhut-%e2%80%93-miejsce-narodzin-ruchu-misyjnego#more-1985\" target=\"_blank\" rel=\"noopener\">Gmina Braci Morawskich w Herrnhut<\/a><\/p>\n<p><a href=\"http:\/\/nieregularnik-nieperiodyczny.blogspot.com\/2011\/05\/friederike-fritze-von-reden-niezwyka.html\" target=\"_blank\" rel=\"noopener\">Fryderyka von Reden<\/a><\/p>\n<p><a href=\"http:\/\/nieregularnik-nieperiodyczny.blogspot.com\/2011\/05\/friederike-fritze-von-reden-niezwyka_14.html\" target=\"_blank\" rel=\"noopener\">Fryderyka von Reden cz. II<\/a><\/p>\n<p><a href=\"http:\/\/biblia-online.pl\/BibliaAudio\/Warszawska\/Ewangelia-Mateusza\/1\" target=\"_blank\" rel=\"noopener\">Biblia on line<\/a><\/p>\n<p><a href=\"http:\/\/gesichter-der-reformation.eu\/files\/gdr\/content\/downloads\/pl_przewodnik_po_zabytkach_reformacji.pdf\" target=\"_blank\" rel=\"noopener\">Przewodnik po zabytkach reformacji na \u0141u\u017cycach G\u00f3rnych i Dolnym \u015al\u0105sku.<\/a><\/p>\n\n","protected":false},"excerpt":{"rendered":"<p>Miejscowo\u015b\u0107 Bukowiec dzi\u0119ki siedzibie Zwi\u0105zku Gmin Karkonoskich oraz Fundacji Doliny Pa\u0142ac\u00f3w i Ogrod\u00f3w Kotliny Jeleniog\u00f3rskiej ka\u017cdego roku ulega przeobra\u017ceniu w wyniku nowych inicjatyw. Jedn\u0105 z nich jest odkrywanie historii miejscowo\u015bci. Na wystawach sta\u0142ych w pa\u0142acu i w zaadoptowanym budynku gospodarczym prezentuje si\u0119 wystawy po\u015bwi\u0119cone historii Bukowca oraz wybitnym osobisto\u015bciom mieszkaj\u0105cym tutaj na przestrzeni minionych wiek\u00f3w.<\/p>\n","protected":false},"author":1,"featured_media":9792,"comment_status":"open","ping_status":"open","sticky":false,"template":"","format":"video","meta":{"_et_pb_use_builder":"","_et_pb_old_content":"","_et_gb_content_width":"","ngg_post_thumbnail":0},"categories":[198,312,320],"tags":[776,1403,1404,1405,1406,1407,300,137,1277,534,1408,301,1278,1244,1010,37,876,1409,1410,484],"jetpack_featured_media_url":"","_links":{"self":[{"href":"https:\/\/test.instytutdidaskalos.pl\/index.php?rest_route=\/wp\/v2\/posts\/8365"}],"collection":[{"href":"https:\/\/test.instytutdidaskalos.pl\/index.php?rest_route=\/wp\/v2\/posts"}],"about":[{"href":"https:\/\/test.instytutdidaskalos.pl\/index.php?rest_route=\/wp\/v2\/types\/post"}],"author":[{"embeddable":true,"href":"https:\/\/test.instytutdidaskalos.pl\/index.php?rest_route=\/wp\/v2\/users\/1"}],"replies":[{"embeddable":true,"href":"https:\/\/test.instytutdidaskalos.pl\/index.php?rest_route=%2Fwp%2Fv2%2Fcomments&post=8365"}],"version-history":[{"count":0,"href":"https:\/\/test.instytutdidaskalos.pl\/index.php?rest_route=\/wp\/v2\/posts\/8365\/revisions"}],"wp:featuredmedia":[{"embeddable":true,"href":"https:\/\/test.instytutdidaskalos.pl\/index.php?rest_route=\/"}],"wp:attachment":[{"href":"https:\/\/test.instytutdidaskalos.pl\/index.php?rest_route=%2Fwp%2Fv2%2Fmedia&parent=8365"}],"wp:term":[{"taxonomy":"category","embeddable":true,"href":"https:\/\/test.instytutdidaskalos.pl\/index.php?rest_route=%2Fwp%2Fv2%2Fcategories&post=8365"},{"taxonomy":"post_tag","embeddable":true,"href":"https:\/\/test.instytutdidaskalos.pl\/index.php?rest_route=%2Fwp%2Fv2%2Ftags&post=8365"}],"curies":[{"name":"wp","href":"https:\/\/api.w.org\/{rel}","templated":true}]}}