{"id":8219,"date":"2016-09-15T12:26:44","date_gmt":"2016-09-15T10:26:44","guid":{"rendered":"http:\/\/instytutdidaskalos.pl\/?p=8219"},"modified":"2016-09-15T12:26:44","modified_gmt":"2016-09-15T10:26:44","slug":"zloty-sen","status":"publish","type":"post","link":"https:\/\/test.instytutdidaskalos.pl\/?p=8219","title":{"rendered":"Z\u0142oty Sen"},"content":{"rendered":"<p>Tym razem proponujemy wyjazd do miejscowo\u015bci Z\u0142oty Sen, tak w t\u0142umaczeniu z j\u0119zyka niemieckiego (Goldentraum) nazywaj\u0105 si\u0119 Z\u0142otniki Luba\u0144skie, za\u0142o\u017cone przez protestant\u00f3w oko\u0142o 1650 roku.<!--more--><\/p>\n<p>Miejscowo\u015b\u0107 le\u017cy w gminie Le\u015bna na Pog\u00f3rzu Izerskim nad Jeziorem Z\u0142otnickim. Powstanie miejscowo\u015bci nawi\u0105zuje do snu jaki mia\u0142 w\u0142a\u015bciciel ziemski z zamku Czocha, Christoph von Nostitz. Ujrza\u0142 we \u015bnie drzewo ze z\u0142otymi li\u015b\u0107mi, kt\u00f3re wyros\u0142o z ziemi na jego posiad\u0142o\u015bci. Najprawdopodobniej podj\u0105\u0142 wst\u0119pne prace poszukiwawcze, a nast\u0119pnie wyda\u0142 zgod\u0119 na powstanie miejscowo\u015bci g\u00f3rniczej.<\/p>\n<p>Pierwszymi mieszka\u0144cami byli protestanccy g\u00f3rnicy wraz z rodzinami, kt\u00f3rzy znale\u017ali tutaj drugi dom. Uciekli przed rzymskokatolickimi prze\u015bladowaniami religijnymi (kontrreformacja) ze \u015al\u0105ska i Czech, prowadzonymi na terenie cesarstwa Habsburg\u00f3w po wojnie trzydziestoletniej (1618-1648). Pierwsi zamieszkali tu protestanci, pochodz\u0105cy z ruch\u00f3w reformacyjnych jak<a href=\"https:\/\/de.wikipedia.org\/wiki\/Pietismus\" target=\"_blank\" rel=\"noopener\"><span style=\"color: #000000\"> piety\u015bci,<\/span><\/a> <a href=\"http:\/\/pl.wikipedia.org\/wiki\/Bracia_czescy\" target=\"_blank\" rel=\"noopener\">bracia czescy<\/a> i <a href=\"http:\/\/instytutdidaskalos.pl\/historia-protestantow\/twardocice-niem-harpersdorf#more-3361\" target=\"_blank\" rel=\"noopener\">szwenkfeldy\u015bci<\/a><span style=\"text-decoration: underline\">.<\/span> Z\u0142otniki Luba\u0144skie s\u0105 przyk\u0142adem jednej z miejscowo\u015bci za\u0142o\u017conych od podstaw (na prawie surowego korzenia) na terenie \u0141u\u017cyc G\u00f3rnych.<\/p>\n<p>Wie\u015b szybko si\u0119 rozwija\u0142a w zwi\u0105zku z wydobyciem z\u0142ota i prze\u017cy\u0142a\u00a0 swoj\u0105 &#8222;gor\u0105czk\u0119 z\u0142ota&#8221;.\u00a0 W roku 1662 miejscowo\u015b\u0107 otrzyma\u0142a prawa miejskie, staj\u0105c si\u0119 najm\u0142odszym miastem na terenie \u0141u\u017cyc G\u00f3rnych. W wyniku wyczerpania z\u0142\u00f3\u017c z\u0142ota, mieszka\u0144cy zaj\u0119li si\u0119 tkactwem, rolnictwem i hodowl\u0105.<\/p>\n<p>Obecna zabudowa pochodzi z 1835 roku, kiedy Z\u0142otniki odbudowano po wielkim po\u017carze jaki powsta\u0142 w nocy z 27 na 28 sierpnia 1834 roku. Ogie\u0144 poch\u0142on\u0105\u0142 prawie wszystkie drewniane zabudowania miejscowo\u015bci. Pomocn\u0105 r\u0119k\u0119 przy sfinansowaniu odbudowy miasta podali mieszczanie z Le\u015bnej i kr\u00f3l Pruski. Wtedy zosta\u0142 nadany obecny kszta\u0142t miejscowo\u015bci, zachowany doskonale do dnia dzisiejszego.<\/p>\n<p>Wie\u015b Z\u0142otniki Luba\u0144skie posiada rynek z kamienicami i ratuszem (obecnie ruina). Dawny ko\u015bci\u00f3\u0142 protestancki <a href=\"http:\/\/instytutdidaskalos.pl\/historia-protestantow\/koscioly-ucieczkowe-i-graniczne-na-luzycach-gornych#more-4446\" target=\"_blank\" rel=\"noopener\">(nazywany by\u0142 ko\u015bcio\u0142em granicznym) <\/a>zosta\u0142 pobudowany w 1839 roku w miejscu pierwszego, kt\u00f3ry powsta\u0142 w 1685 roku. Po dawnym cmentarzu na terenie przyleg\u0142ym do ko\u015bcio\u0142a, pozosta\u0142 mur cmentarny i jeden pomnik bez epitafium. Najprawdopodobniej jest to jedyna wie\u015b w Polsce z takim uk\u0142adem urbanistycznym posiadaj\u0105ca rynek.<\/p>\n<p>Nowy okres w dziejach miejscowo\u015bci rozpocz\u0105\u0142 si\u0119 w roku 1924, gdy na rzece Kwisa w jej g\u0142\u0119bokim kanionie powsta\u0142o jezioro zaporowe, obecnie nazywane Jeziorem Z\u0142otnickim. W wyniku tego projektu Z\u0142otniki Luba\u0144skie zacz\u0119\u0142y si\u0119 stopniowo rozwija\u0107 pod k\u0105tem turystycznym. Nad jeziorem powsta\u0142y o\u015brodki wypoczynkowe, pla\u017ce, przystanie wodne, a w miejscowo\u015bci pensjonaty, gospody itp. Pierwsz\u0105 szko\u0142\u0119 ewangelick\u0105 pobudowano w 1702 r. W 1928 roku miejscowo\u015b\u0107 zamieszkiwa\u0142o 361 mieszka\u0144c\u00f3w, a w 1945 roku 399. W Z\u0142otnikach Luba\u0144skich do 1978 roku dzia\u0142a\u0142 drewniany wiatrak, pochodz\u0105cy z 1827 roku, jako jedynie dzia\u0142aj\u0105cy w tej cz\u0119\u015bci Polski. Zosta\u0142 zniszczony w wyniku po\u017caru.<\/p>\n<p>Przez lata Z\u0142otniki Luba\u0144skie nazywane by\u0142y Per\u0142\u0105 Dolnego \u015al\u0105ska. Dzia\u0142ania wojenne II Wojny \u015awiatowej omin\u0119\u0142y wie\u015b, wi\u0119c per\u0142a mog\u0142a w dalszym ci\u0105gu b\u0142yszcze\u0107. Obecny stan miejscowo\u015bci nie dor\u00f3wnuje temu sprzed 1945 roku, widocznym ju\u017c tylko na widok\u00f3wkach czy w albumach.<\/p>\n<h3>Linki<\/h3>\n<p><a href=\"https:\/\/szukajacboga.pl\/moja-historia\/\" target=\"_blank\" rel=\"noopener\">Historie &#8230;<\/a><\/p>\n<p><a href=\"https:\/\/www.google.pl\/maps\/place\/Z%C5%82otniki+Luba%C5%84skie\/@51.0137219,15.3072527,13z\/data=!3m1!4b1!4m5!3m4!1s0x470f2aa698dcc401:0x9e8bbae2837af20e!8m2!3d51.0137293!4d15.3422721\" target=\"_blank\" rel=\"noopener\">Mapa lokalizacji Z\u0142otnik Luba\u0144skich.<\/a><\/p>\n<p><a href=\"http:\/\/www.heimatarchiv-lauban.de\/bis-1945-der-kreis-lauban-seine-st%C3%A4dte-und-gemeinden\/020-goldentraum\/\" target=\"_blank\" rel=\"noopener\">Z\u0142otniki Luba\u0144skie dawniej.<\/a><\/p>\n<p><a href=\"https:\/\/www.youtube.com\/watch?v=VTaC71mjMwg\" target=\"_blank\" rel=\"noopener\">Prezentacja Tadeusza Siwka: Miejsca na mapie Dolnego \u015al\u0105ska, Z\u0142otniki Luba\u0144skie.<\/a><\/p>\n<p><a href=\"https:\/\/szukajacboga.pl\/\" target=\"_blank\" rel=\"noopener\">SzukajacBoga.<\/a><\/p>\n<p><a href=\"http:\/\/gesichter-der-reformation.eu\/files\/gdr\/content\/downloads\/pl_przewodnik_po_zabytkach_reformacji.pdf\" target=\"_blank\" rel=\"noopener\">Przewodnik po zabytkach reformacji na \u0141u\u017cycach G\u00f3rnych i Dolnym \u015al\u0105sku.<\/a><\/p>\n<p>&nbsp;<\/p>\n\n<p>&nbsp;<\/p>\n","protected":false},"excerpt":{"rendered":"<p>Tym razem proponujemy wyjazd do miejscowo\u015bci Z\u0142oty Sen, tak w t\u0142umaczeniu z j\u0119zyka niemieckiego (Goldentraum) nazywaj\u0105 si\u0119 Z\u0142otniki Luba\u0144skie, za\u0142o\u017cone przez protestant\u00f3w oko\u0142o 1650 roku.<\/p>\n","protected":false},"author":1,"featured_media":8260,"comment_status":"open","ping_status":"open","sticky":false,"template":"","format":"standard","meta":{"_et_pb_use_builder":"","_et_pb_old_content":"","_et_gb_content_width":"","ngg_post_thumbnail":0},"categories":[198,312,320],"tags":[193,291,565,1174,137,908,301,867,1113,311,324,543,210,483,214,484,1175,1176],"jetpack_featured_media_url":"","_links":{"self":[{"href":"https:\/\/test.instytutdidaskalos.pl\/index.php?rest_route=\/wp\/v2\/posts\/8219"}],"collection":[{"href":"https:\/\/test.instytutdidaskalos.pl\/index.php?rest_route=\/wp\/v2\/posts"}],"about":[{"href":"https:\/\/test.instytutdidaskalos.pl\/index.php?rest_route=\/wp\/v2\/types\/post"}],"author":[{"embeddable":true,"href":"https:\/\/test.instytutdidaskalos.pl\/index.php?rest_route=\/wp\/v2\/users\/1"}],"replies":[{"embeddable":true,"href":"https:\/\/test.instytutdidaskalos.pl\/index.php?rest_route=%2Fwp%2Fv2%2Fcomments&post=8219"}],"version-history":[{"count":0,"href":"https:\/\/test.instytutdidaskalos.pl\/index.php?rest_route=\/wp\/v2\/posts\/8219\/revisions"}],"wp:featuredmedia":[{"embeddable":true,"href":"https:\/\/test.instytutdidaskalos.pl\/index.php?rest_route=\/"}],"wp:attachment":[{"href":"https:\/\/test.instytutdidaskalos.pl\/index.php?rest_route=%2Fwp%2Fv2%2Fmedia&parent=8219"}],"wp:term":[{"taxonomy":"category","embeddable":true,"href":"https:\/\/test.instytutdidaskalos.pl\/index.php?rest_route=%2Fwp%2Fv2%2Fcategories&post=8219"},{"taxonomy":"post_tag","embeddable":true,"href":"https:\/\/test.instytutdidaskalos.pl\/index.php?rest_route=%2Fwp%2Fv2%2Ftags&post=8219"}],"curies":[{"name":"wp","href":"https:\/\/api.w.org\/{rel}","templated":true}]}}