{"id":6891,"date":"2015-06-27T05:11:58","date_gmt":"2015-06-27T03:11:58","guid":{"rendered":"http:\/\/instytutdidaskalos.pl\/?p=6891"},"modified":"2015-06-27T05:11:58","modified_gmt":"2015-06-27T03:11:58","slug":"kilka-mysli-na-temat-wolnosci-slowa","status":"publish","type":"post","link":"https:\/\/test.instytutdidaskalos.pl\/?p=6891","title":{"rendered":"Kilka my\u015bli na temat wolno\u015bci s\u0142owa"},"content":{"rendered":"<p><a href=\"http:\/\/instytutdidaskalos.pl\/wp-content\/uploads\/2015\/06\/1f2d282af150563b037c8c3805fe65b6.jpg\"><img decoding=\"async\" loading=\"lazy\" class=\"aligncenter wp-image-6894 size-full\" src=\"http:\/\/instytutdidaskalos.pl\/wp-content\/uploads\/2015\/06\/1f2d282af150563b037c8c3805fe65b6.jpg\" alt=\"1f2d282af150563b037c8c3805fe65b6\" width=\"770\" height=\"770\" \/><\/a>Taka moja refleksja na to, co si\u0119 dzieje obecnie w\u015br\u00f3d nas, w Polsce, nawet w\u015br\u00f3d chrze\u015bcijan. Wolno\u015b\u0107 s\u0142owa jest uniwersalnym prawem cz\u0142owieka, a co za tym idzie tak\u017ce i wolno\u015b\u0107 tego, co si\u0119 my\u015bli, wolno\u015b\u0107 pogl\u0105d\u00f3w.<\/p>\n<p><!--more--><\/p>\n<p>Wolno\u015b\u0107 s\u0142owa nak\u0142ada na nas zr\u00f3wnowa\u017cony i obywatelski obowi\u0105zek om\u00f3wienia wszystkich spraw, bez wzgl\u0119du na to, jak wra\u017cliwe i trudne s\u0105, i czego one dotycz\u0105.<\/p>\n<p>Ale wolno\u015b\u0107 s\u0142owa nie daje NIKOMU prawa do obra\u017cania, poni\u017cania, straszenia innymi, ostracyzmu, spychania na margines spo\u0142eczny, zniewagi, wy\u015bmiewania, dyskryminacji, manipulacji, zniekszta\u0142cania informacji, k\u0142amstwa, b\u0142\u0119dnych informacji o innych tylko dlatego, \u017ce kto\u015b mo\u017ce albo che kogo\u015b przekona\u0107 lub wygra\u0107.<\/p>\n<p>Istnieje jeszcze co\u015b takiego jak prawo dobrego imienia i prawdy. Wszystkie wypowiedzi, szczeg\u00f3lnie autorytet\u00f3w powinny by\u0107 uczciwe, krytyczne, i co najwa\u017cniejsze wypowiedziane z szacunkiem.<\/p>\n<p>Podstawa wolno\u015bci s\u0142owa jest g\u0142\u0119boko zakorzeniona w dobrych manierach. Je\u015bli kto\u015b chce krytykowa\u0107 czyje\u015b pogl\u0105dy, musi to robi\u0107 w\u0142a\u015bciwie.<\/p>\n<p>Photo credit: <a href=\"http:\/\/tomaszbazylinski.pl\/\">Tomasz Bazyli\u0144ski<\/a><\/p>\n","protected":false},"excerpt":{"rendered":"<p>Taka moja refleksja na to, co si\u0119 dzieje obecnie w\u015br\u00f3d nas, w Polsce, nawet w\u015br\u00f3d chrze\u015bcijan. Wolno\u015b\u0107 s\u0142owa jest uniwersalnym prawem cz\u0142owieka, a co za tym idzie tak\u017ce i wolno\u015b\u0107 tego, co si\u0119 my\u015bli, wolno\u015b\u0107 pogl\u0105d\u00f3w.<\/p>\n","protected":false},"author":1,"featured_media":6894,"comment_status":"open","ping_status":"open","sticky":false,"template":"","format":"video","meta":{"_et_pb_use_builder":"","_et_pb_old_content":"","_et_gb_content_width":"","ngg_post_thumbnail":0},"categories":[179,10,124,12],"tags":[836,372,522,710,837,838,839,840,841,842,625,843,844],"jetpack_featured_media_url":"","_links":{"self":[{"href":"https:\/\/test.instytutdidaskalos.pl\/index.php?rest_route=\/wp\/v2\/posts\/6891"}],"collection":[{"href":"https:\/\/test.instytutdidaskalos.pl\/index.php?rest_route=\/wp\/v2\/posts"}],"about":[{"href":"https:\/\/test.instytutdidaskalos.pl\/index.php?rest_route=\/wp\/v2\/types\/post"}],"author":[{"embeddable":true,"href":"https:\/\/test.instytutdidaskalos.pl\/index.php?rest_route=\/wp\/v2\/users\/1"}],"replies":[{"embeddable":true,"href":"https:\/\/test.instytutdidaskalos.pl\/index.php?rest_route=%2Fwp%2Fv2%2Fcomments&post=6891"}],"version-history":[{"count":0,"href":"https:\/\/test.instytutdidaskalos.pl\/index.php?rest_route=\/wp\/v2\/posts\/6891\/revisions"}],"wp:featuredmedia":[{"embeddable":true,"href":"https:\/\/test.instytutdidaskalos.pl\/index.php?rest_route=\/"}],"wp:attachment":[{"href":"https:\/\/test.instytutdidaskalos.pl\/index.php?rest_route=%2Fwp%2Fv2%2Fmedia&parent=6891"}],"wp:term":[{"taxonomy":"category","embeddable":true,"href":"https:\/\/test.instytutdidaskalos.pl\/index.php?rest_route=%2Fwp%2Fv2%2Fcategories&post=6891"},{"taxonomy":"post_tag","embeddable":true,"href":"https:\/\/test.instytutdidaskalos.pl\/index.php?rest_route=%2Fwp%2Fv2%2Ftags&post=6891"}],"curies":[{"name":"wp","href":"https:\/\/api.w.org\/{rel}","templated":true}]}}