{"id":6486,"date":"2015-04-05T00:27:27","date_gmt":"2015-04-04T22:27:27","guid":{"rendered":"http:\/\/instytutdidaskalos.pl\/?p=6486"},"modified":"2015-04-05T00:27:27","modified_gmt":"2015-04-04T22:27:27","slug":"lapidarium-w-wiezy-dolnej","status":"publish","type":"post","link":"https:\/\/test.instytutdidaskalos.pl\/?p=6486","title":{"rendered":"Lapidarium w Wie\u017cy Dolnej"},"content":{"rendered":"<p>W 2014 roku w Wie\u017cy Dolnej na terenie by\u0142ego przyko\u015bcielnego cmentarza ewangelickiego powsta\u0142o lapidarium. Aby dojecha\u0107 do tego miejsca nale\u017cy w Gryfowie \u015al\u0105skim pojecha\u0107 drog\u0105 nr 360 w kierunku Giebu\u0142towa.\u00a0<!--more--><\/p>\n<div id=\"attachment_6562\" style=\"width: 310px\" class=\"wp-caption alignright\"><a href=\"http:\/\/instytutdidaskalos.pl\/wp-content\/uploads\/2015\/03\/Lapidarium_wieza_20_2015.jpg\"><img decoding=\"async\" loading=\"lazy\" aria-describedby=\"caption-attachment-6562\" class=\"wp-image-6562 size-medium\" src=\"http:\/\/instytutdidaskalos.pl\/wp-content\/uploads\/2015\/03\/Lapidarium_wieza_20_2015-300x286.jpg\" alt=\"Lapidarium_wieza_20_2015\" width=\"300\" height=\"286\" \/><\/a><p id=\"caption-attachment-6562\" class=\"wp-caption-text\">By\u0142y ko\u015bci\u00f3\u0142 ewangelicki w Wie\u017cy Dolnej.<\/p><\/div>\n<p>Przeje\u017cd\u017caj\u0105c przez most na rzece Kwisa, po oko\u0142o 500 metrach, nale\u017cy skr\u0119ci\u0107 w lewo przy trawiastym placu otoczonym drzewami (plac bo by\u0142ym ko\u015bciele ewangelickim). Po prawej stronie oko\u0142o 200 metr\u00f3w od zakr\u0119tu znajduje si\u0119 lapidarium. Czytaj\u0105c tablic\u0119 informacyjn\u0105 dowiadujemy si\u0119, \u017ce wiosn\u0105 2014 roku w ruinach domu dla wd\u00f3w po pastorach i sierotach znaleziono epitafia i ich fragmenty. Celem stworzenia lapidarium by\u0142o przywr\u00f3cenie pami\u0119ci o urz\u0119dnikach ko\u015bcielnych, nauczycielach i cz\u0142onkach ich rodzin oraz innych osobach, kt\u00f3re tutaj \u017cy\u0142y i s\u0142u\u017cy\u0142y, a kt\u00f3rych cia\u0142a spocz\u0119\u0142y w kryptach ko\u015bcio\u0142a oraz na cmentarzu dla pastor\u00f3w.<\/p>\n<p>Ko\u015bci\u00f3\u0142 w Wie\u017cy Dolnej zosta\u0142 oddany do u\u017cytku 19 maja 1669 roku, a pierwsze kazanie wyg\u0142osi\u0142 pastor z Wie\u017cy G\u00f3rnej Jacobs Rudelius. Pierwszym jego pastorem by\u0142 Caspar Tornau. W ko\u015bciele tym s\u0142u\u017cy\u0142o wielu wybitnych pastor\u00f3w, nauczycieli i organist\u00f3w. Najbardziej znanym pastorem by\u0142 <a href=\"http:\/\/instytutdidaskalos.pl\/bez-kategorii\/pastor-johann-christoph-schwedler\">Johan Christoph Schwedler<\/a>. R\u00f3wnie\u017c w Wie\u017cy Dolnej \u017cy\u0142 i pracowa\u0142 s\u0142ynny tw\u00f3rca organ\u00f3w Eugenio Casparini, kt\u00f3rego doskona\u0142e dzie\u0142o mo\u017cna podziwia\u0107 w ko\u015bciele \u015bw. Piotra i Paw\u0142a w G\u00f6rlitz, a kt\u00f3rego pi\u0119kne d\u017awi\u0119ki rozbrzmiewaj\u0105 do dnia dzisiejszego. Ko\u015bci\u00f3\u0142 zosta\u0142 ca\u0142kowicie zniszczony w latach 70 XX wieku.<\/p>\nngg_shortcode_0_placeholder\n<h3>Linki<\/h3>\n<p>1. <a title=\"Galeria starych zdj\u0119\u0107 i widok\u00f3wek z Wie\u017cy Dolnej i G\u00f3rnej\" href=\"http:\/\/www.heimatarchiv-lauban.de\/bis-1945-der-kreis-lauban-seine-st%C3%A4dte-und-gemeinden\/091-wiesa-wiese\/\" target=\"_blank\" rel=\"noopener\">Galeria starych zdj\u0119\u0107 i widok\u00f3wek z Wie\u017cy Dolnej i G\u00f3rnej<\/a><\/p>\n<p>2. <a title=\"Galerie dawnych i obecnych zdj\u0119\u0107 z wie\u017cy Dolnej i G\u00f3rnej\" href=\"http:\/\/www.glogow.pl\/okolice\/podstrony\/lwowecki\/wieza.htm\" target=\"_blank\" rel=\"noopener\">Galerie dawnych i obecnych zdj\u0119\u0107 z Wie\u017cy Dolnej i G\u00f3rnej<\/a><\/p>\n<p>3. <a title=\"Artyku\u0142 o ko\u015bciele w Wie\u017cy Dolnej \" href=\"http:\/\/www.rowery.gryfow.pl\/1580\/przygraniczny-kosciol-ewangelicki-w-wiezy-i-pietysci\/\" target=\"_blank\" rel=\"noopener\">Artyku\u0142 o ko\u015bciele w Wie\u017cy Dolnej <\/a><\/p>\n<p>4. <a title=\"Pie\u015b\u0144 z Wie\u017cy Dolnej\" href=\"http:\/\/instytutdidaskalos.pl\/historia-protestantow\/piesn-z-wiezy-dolnej-niem-niederwiese\" target=\"_blank\" rel=\"noopener\">Pie\u015b\u0144 z Wie\u017cy Dolnej<\/a><\/p>\n<p>5. <a title=\"Pastor Johan Christoph Schwedler z Wie\u017cy Dolnej\" href=\"http:\/\/instytutdidaskalos.pl\/bez-kategorii\/pastor-johann-christoph-schwedler\" target=\"_blank\" rel=\"noopener\">Pastor Johan Christoph Schwedler z Wie\u017cy Dolnej<\/a><\/p>\n<p>6. <a title=\"Wie\u017ca (niem. Wiesa)\" href=\"http:\/\/instytutdidaskalos.pl\/historia-protestantow\/wieza-niem-wiesa\" target=\"_blank\" rel=\"noopener\">Wie\u017ca (niem. Wiesa)<\/a><\/p>\n<p>7. <a href=\"https:\/\/szukajacboga.pl\/\" target=\"_blank\" rel=\"noopener\">SzukajacBoga<\/a><\/p>\n<p>8. <a href=\"http:\/\/gesichter-der-reformation.eu\/files\/gdr\/content\/downloads\/pl_przewodnik_po_zabytkach_reformacji.pdf\" target=\"_blank\" rel=\"noopener\">Przewodnik po zabytkach reformacji na \u0141u\u017cycach G\u00f3rnych i Dolnym \u015al\u0105sku.<\/a><\/p>\n<p>9. <a href=\"https:\/\/szukajacboga.pl\/moja-historia\/\" target=\"_blank\" rel=\"noopener\">Historie &#8230;<\/a><\/p>\n","protected":false},"excerpt":{"rendered":"<p>W 2014 roku w Wie\u017cy Dolnej na terenie by\u0142ego przyko\u015bcielnego cmentarza ewangelickiego powsta\u0142o lapidarium. Aby dojecha\u0107 do tego miejsca nale\u017cy w Gryfowie \u015al\u0105skim pojecha\u0107 drog\u0105 nr 360 w kierunku Giebu\u0142towa.\u00a0<\/p>\n","protected":false},"author":1,"featured_media":6543,"comment_status":"open","ping_status":"open","sticky":false,"template":"","format":"standard","meta":{"_et_pb_use_builder":"","_et_pb_old_content":"","_et_gb_content_width":"","ngg_post_thumbnail":0},"categories":[626,198,312],"tags":[768,292,769,770,771,601,584,137,138,301,772,773,774,775,547,612],"jetpack_featured_media_url":"","_links":{"self":[{"href":"https:\/\/test.instytutdidaskalos.pl\/index.php?rest_route=\/wp\/v2\/posts\/6486"}],"collection":[{"href":"https:\/\/test.instytutdidaskalos.pl\/index.php?rest_route=\/wp\/v2\/posts"}],"about":[{"href":"https:\/\/test.instytutdidaskalos.pl\/index.php?rest_route=\/wp\/v2\/types\/post"}],"author":[{"embeddable":true,"href":"https:\/\/test.instytutdidaskalos.pl\/index.php?rest_route=\/wp\/v2\/users\/1"}],"replies":[{"embeddable":true,"href":"https:\/\/test.instytutdidaskalos.pl\/index.php?rest_route=%2Fwp%2Fv2%2Fcomments&post=6486"}],"version-history":[{"count":0,"href":"https:\/\/test.instytutdidaskalos.pl\/index.php?rest_route=\/wp\/v2\/posts\/6486\/revisions"}],"wp:featuredmedia":[{"embeddable":true,"href":"https:\/\/test.instytutdidaskalos.pl\/index.php?rest_route=\/"}],"wp:attachment":[{"href":"https:\/\/test.instytutdidaskalos.pl\/index.php?rest_route=%2Fwp%2Fv2%2Fmedia&parent=6486"}],"wp:term":[{"taxonomy":"category","embeddable":true,"href":"https:\/\/test.instytutdidaskalos.pl\/index.php?rest_route=%2Fwp%2Fv2%2Fcategories&post=6486"},{"taxonomy":"post_tag","embeddable":true,"href":"https:\/\/test.instytutdidaskalos.pl\/index.php?rest_route=%2Fwp%2Fv2%2Ftags&post=6486"}],"curies":[{"name":"wp","href":"https:\/\/api.w.org\/{rel}","templated":true}]}}