{"id":5841,"date":"2014-08-10T09:29:40","date_gmt":"2014-08-10T07:29:40","guid":{"rendered":"http:\/\/instytutdidaskalos.pl\/?p=5841"},"modified":"2014-08-10T09:29:40","modified_gmt":"2014-08-10T07:29:40","slug":"byc-ojcem-dziadkiem-i-glowa-rodziny-wywiad-z-pastorem-miroslawem-szatkowskim","status":"publish","type":"post","link":"https:\/\/test.instytutdidaskalos.pl\/?p=5841","title":{"rendered":"By\u0107 ojcem, dziadkiem i g\u0142ow\u0105 rodziny &#8211; wywiad z pastorem Miros\u0142awem Szatkowskim"},"content":{"rendered":"<p>Jaki\u015b czas temu mia\u0142em mo\u017cliwo\u015b\u0107 porozmawia\u0107 z pastorem Miros\u0142awem Szatkowskim na temat budowania rodziny. Zapraszam do pos\u0142uchania podcastu.<\/p>\n<!--[if lt IE 9]><script>document.createElement('audio');<\/script><![endif]-->\n<audio class=\"wp-audio-shortcode\" id=\"audio-5841-1\" preload=\"none\" style=\"width: 100%;\" controls=\"controls\"><source type=\"audio\/mpeg\" src=\"https:\/\/e88a4beaf8a09469594260e362ed361dcdf7a74f.googledrive.com\/host\/0B7rrtLWWwws4ZFNqbFBYcnI2SkU\/CNTW001-Mirek-Szatkowski-Byc-ojciem-dziadkiem-i-glowa-rodziny.mp3?_=1\" \/><a href=\"https:\/\/e88a4beaf8a09469594260e362ed361dcdf7a74f.googledrive.com\/host\/0B7rrtLWWwws4ZFNqbFBYcnI2SkU\/CNTW001-Mirek-Szatkowski-Byc-ojciem-dziadkiem-i-glowa-rodziny.mp3\">https:\/\/e88a4beaf8a09469594260e362ed361dcdf7a74f.googledrive.com\/host\/0B7rrtLWWwws4ZFNqbFBYcnI2SkU\/CNTW001-Mirek-Szatkowski-Byc-ojciem-dziadkiem-i-glowa-rodziny.mp3<\/a><\/audio>\n<p><strong>Andrzej Mytych: Dzi\u0119kuj\u0119 Ci Miros\u0142aw za wyra\u017cenie ch\u0119ci na rozmow\u0119. Chcia\u0142bym zada\u0107 Ci par\u0119 pyta\u0144 na temat ojcostwa. Jeste\u015b ojcem pi\u0119ciorga dzieci. Opowiedz mi o swoich dzieciach.\u00a0<\/strong><\/p>\n<p>Miros\u0142aw Szatkowski: Jednym z najciekawszych odkry\u0107 dla mnie by\u0142o to, \u017ce to rzeczywi\u015bcie pi\u0105tka dzieci, a ka\u017cde z nich takie inne! Cz\u0119sto z \u017con\u0105 zastanawiali\u015bmy si\u0119, jak to jest mo\u017cliwe? Oznacza to, \u017ce w stosunku do ka\u017cdego trzeba stosowa\u0107 inn\u0105 drog\u0119, inne sposoby. To jest naprawd\u0119 zdumiewaj\u0105ce!<\/p>\n<p><!--more-->Na przyk\u0142ad m\u00f3j najstarszy syn Darek w tej chwili ma 33 lata, a mi ci\u0105gle wydaje si\u0119, \u017ce ma w sobie ukryt\u0105 wra\u017cliwo\u015b\u0107 ma\u0142ego ch\u0142opca.<\/p>\n<p>Z kolei Sara ma 30 lat, jest bardzo asertywna, silna i mocna.<\/p>\n<p>Estera ma 27 lat i jest bardzo zdecydowana, wszystko ma bardzo pouk\u0142adane\u00a0 i konsekwentnie zmierza do swoich cel\u00f3w.<\/p>\n<p>Martyna ma 22 lata, jest bardzo ciep\u0142\u0105 osoba, pozytywn\u0105 osobowo\u015bci\u0105.<\/p>\n<p>I w ko\u0144cu nasz najm\u0142odszy syn Szymon, 17 lat, te\u017c jest bardzo ciep\u0142y i tak napraw\u0119 jest pociech\u0105 na t\u0119 sytuacj\u0119, kiedy ju\u017c wszystkie poprzedzaj\u0105ce go dzieci opu\u015bci\u0142y dom.<\/p>\n<p><strong>A.M.: Pi\u0119cioro dzieci, czego nauczy\u0142o Ci\u0119 to o ojcostwie?<\/strong><\/p>\n<p>M.Sz.: Dociera do mnie, \u017ce ojcem si\u0119 jest zawsze, a wi\u0119c to nie jest tylko<a href=\"http:\/\/instytutdidaskalos.pl\/wp-content\/uploads\/2014\/08\/219079_10150178410142286_712029_o.jpg\"><img decoding=\"async\" loading=\"lazy\" class=\"alignright size-medium wp-image-6009\" src=\"http:\/\/instytutdidaskalos.pl\/wp-content\/uploads\/2014\/08\/219079_10150178410142286_712029_o-225x300.jpg\" alt=\"219079_10150178410142286_712029_o\" width=\"225\" height=\"300\" \/><\/a> zaj\u0119cie na ten czas, kiedy dzieci s\u0105 w domu, ale widz\u0119, spostrzegam to u moich dzieci, cho\u0107 nie m\u00f3wi\u0105 mi tego wprost, \u017ce potrzebuj\u0105 ojca ca\u0142y czas.<\/p>\n<p>Oczywi\u015bcie rola ojca zmienia si\u0119 z wiekiem. Wa\u017cne jest, \u017ceby to rozpozna\u0107 na czym ta rola polega akurat w tym wieku, w jakim znajduje si\u0119 moje dziecko. Jestem przekonany, \u017ce ojcostwo to zaj\u0119cie na ca\u0142e \u017cycie.<\/p>\n<p><strong>A.M.: Ostatnio rozmawia\u0142em z jakim\u015b Australijczykiem, kt\u00f3ry ma ju\u017c doros\u0142e dzieci i jako\u015b tak zgadali\u015bmy si\u0119 na temat ojcostwa. Powiedzia\u0142, \u017ce gdy dzieci by\u0142y ma\u0142e, potem nastolatkami, ale ci\u0105gle by\u0142y jeszcze z nimi w domu, to przejmowa\u0142 si\u0119, ale to wszystko nic w por\u00f3wnaniu z tym, jak one wysz\u0142y z domu. Jak to jest u Ciebie?<\/strong><\/p>\n<p>M.Sz.: Przejmujesz si\u0119 inaczej. My\u015bl\u0119, \u017ce funkcja ojca, czyli spos\u00f3b sprawowania ojcostwa zmienia si\u0119. Czasami m\u00f3wi\u0119 sobie, to dobrze, \u017ce jestem tak troch\u0119 z daleka i nie musz\u0119 uczestniczy\u0107 w tym, z czym oni si\u0119 zmagaj\u0105.<\/p>\n<p><strong>A.M.: Gdyby\u015b m\u00f3g\u0142 si\u0119 cofn\u0105\u0107 w czasie, mia\u0142 tak\u0105 szans\u0119, m\u00f3g\u0142 zacz\u0105\u0107 jeszcze raz, to czy by\u0142y by jakie\u015b rzeczy, kt\u00f3re by\u015b zmieni\u0142 w swoim ojcostwie?<\/strong><\/p>\n<p>M.Sz.:\u00a0 Zdecydowanie tak. Poza takimi oczywistymi rzeczami, kt\u00f3re wypada powiedzie\u0107 chrze\u015bcijaninowi, \u017ce wi\u0119cej bym si\u0119 z nimi modli\u0142, wi\u0119cej czyta\u0142 Bibli\u0119, to jedn\u0105 z rzeczy, kt\u00f3ra teraz do mnie dociera, to bardziej \u015bwiadomie uczestniczy\u0142bym w ich dzieci\u0144stwie. Bo dzieci\u0144stwo w\u0142asnych dzieci bardzo szybko mija. Cieszy\u0142bym si\u0119 tym dzieci\u0144stwem, wykorzysta\u0142bym to dzieci\u0144stwo do za\u0142o\u017cenia mocniejszych fundament\u00f3w relacyjnych.<\/p>\n<p>Z kolei jako pastor, bardziej bym ich broni\u0142 przed presj\u0105 tego, \u017ce s\u0105, czy by\u0142y dzie\u0107mi pastora. Takie stawianie sprawy wyzwala pewn\u0105 presj\u0119. My\u015bl\u0119, \u017ce nierozs\u0105dnie u\u017cywa\u0142em niekt\u00f3rych rzeczy w ich \u017cyciu. W\u0142a\u015bnie jakby powo\u0142uj\u0105c si\u0119 na t\u0105 argumentacj\u0119: <em>Jeste\u015bcie dzie\u0107mi pastora, powinni\u015bcie w zwi\u0105zku z tym post\u0119powa\u0107 tak i tak, a tak wam nie wolno<\/em>. To by\u0142o nie rozs\u0105dne. Postrzegam to za bardzo smutny b\u0142\u0105d.<\/p>\n<p><strong>A.M.: Dzisiaj jeste\u015b ju\u017c dziadkiem. Dorobi\u0142e\u015b si\u0119 pi\u0119knej liczby pi\u0119ciu wnuk\u00f3w. Czy jest r\u00f3\u017cnica pomi\u0119dzy byciem dziadkiem, a ojcem?<\/strong><\/p>\n<p>M.Sz.: Oczywi\u015bcie, \u017ce tak. My\u015bl\u0119, \u017ce bycie dziadkiem ma te walory, \u017ce masz ju\u017c za sob\u0105 do\u015bwiadczenie ojca, mo\u017cesz troch\u0119 z dystansu spojrze\u0107 na wnuki. My\u015bl\u0119, \u017ce rola dziadka polega bardziej na byciu takim <em>podpowiadaczem<\/em>, kim\u015b kto stoi z boku, potrafi podpowiedzie\u0107 ojcu, czy rodzicom, potrafi co\u015b podpowiedzie\u0107 wnukowi.<\/p>\n<p>My\u015bl\u0119, \u017ce rola dziadka jest bardzo wa\u017cna. Jest on osob\u0105 drugiego planu, ale przy tym niezwykle wa\u017cnym cz\u0142onkiem rodziny, kim\u015b kto mo\u017ce wywrze\u0107 znacz\u0105cy wp\u0142yw na wychowanie wnuka.<\/p>\n<p>&nbsp;<\/p>\n<div id=\"attachment_6007\" style=\"width: 855px\" class=\"wp-caption aligncenter\"><a href=\"http:\/\/instytutdidaskalos.pl\/wp-content\/uploads\/2014\/08\/171696_1830632415423_6713358_o.jpg\"><img decoding=\"async\" loading=\"lazy\" aria-describedby=\"caption-attachment-6007\" class=\"size-full wp-image-6007\" src=\"http:\/\/instytutdidaskalos.pl\/wp-content\/uploads\/2014\/08\/171696_1830632415423_6713358_o.jpg\" alt=\"Z \u017con\u0105 i wnukami.\" width=\"845\" height=\"562\" \/><\/a><p id=\"caption-attachment-6007\" class=\"wp-caption-text\">Z \u017con\u0105 i wnukami.<\/p><\/div>\n<p><strong>A.M.: Budujesz swoj\u0105 rodzin\u0119 od kilkudziesi\u0119ciu lat. Teraz jeste\u015b ju\u017c g\u0142ow\u0105 klanu Szatkowskich &#8211; pi\u0119cioro dzieci, pi\u0119cioro wnuk\u00f3w, kolejne z pewno\u015bci\u0105 przyjd\u0105. Czego si\u0119 nauczy\u0142e\u015b jako g\u0142owa rodziny przez te kilkadziesi\u0105t lat?<\/strong><\/p>\n<p>M.Sz.: Nie powiem w tym miejscu nic oryginalnego, ale to jest prawdziwe:<\/p>\n<blockquote><p>Bycie g\u0142ow\u0105 rodziny, to jest odpowiedzialno\u015b\u0107, kt\u00f3ra wymaga po\u015bwi\u0119cenia i wierno\u015bci.<\/p><\/blockquote>\n<p>S\u0105 to warto\u015bci, kt\u00f3re dzisiaj nie s\u0105 za bardzo trendy, ale s\u0105 fundamentalne, je\u015bli chcesz w zwyci\u0119ski spos\u00f3b\u00a0 t\u0105 rol\u0119 wype\u0142ni\u0107.<\/p>\n<p><strong>A.M.: Podsumujmy ten wywiad ostatnim pytaniem. Co doradzi\u0142by\u015b m\u0119\u017cczyznom, kt\u00f3rzy chc\u0105 by\u0107 dobrym m\u0119\u017cem, dobrym ojcem, dobrym dziadkiem, dobr\u0105 g\u0142ow\u0105 rodziny?<\/strong><\/p>\n<p>M.Sz.: My\u015bl\u0119, \u017ce nigdy nie jest si\u0119 na to gotowym w pe\u0142ni. Jednak ma znaczenie, \u017ceby si\u0119 przygotowa\u0107, bo troch\u0119 te napi\u0119cia mo\u017cna zminimalizowa\u0107. Jednak zawsze b\u0119d\u0105 wyst\u0119powa\u0142y sytuacje zaskakuj\u0105ce, wi\u0119c warto si\u0119 przygotowa\u0107, poczyta\u0107 troch\u0119 ksi\u0105\u017cek, oczywi\u015bcie m\u00f3wi\u0119 tu o warto\u015bciowej literaturze.<\/p>\n<p>My\u015bl\u0119, \u017ce je\u017celi ojciec jest dobrym wzorcem, to b\u0142ogos\u0142awie\u0144stwem jest czerpanie z tego wzorca. Mo\u017cemy wtedy m\u0105dro\u015b\u0107 pokoleniow\u0105 przekazywa\u0107 z pokolenia w pokolenie. Jest to te\u017c jedna z warto\u015bci, kt\u00f3re dzisiaj gubimy.<\/p>\n<p>Natomiast rady z biblijnej perspektywy: m\u00f3dl si\u0119 i patrz na doskona\u0142ego Ojca, kt\u00f3rym jest B\u00f3g. My\u015bl\u0119, \u017ce to jest wzorzec, od kt\u00f3rego mo\u017cemy naprawd\u0119 wiele si\u0119 nauczy\u0107.<\/p>\n<p><strong>A.M.: Dzi\u0119kuj\u0119 Ci bardzo za rozmow\u0119.<\/strong><\/p>\n","protected":false},"excerpt":{"rendered":"<p>Jaki\u015b czas temu mia\u0142em mo\u017cliwo\u015b\u0107 porozmawia\u0107 z pastorem Miros\u0142awem Szatkowskim na temat budowania rodziny. Zapraszam do pos\u0142uchania podcastu. Andrzej Mytych: Dzi\u0119kuj\u0119 Ci Miros\u0142aw za wyra\u017cenie ch\u0119ci na rozmow\u0119. Chcia\u0142bym zada\u0107 Ci par\u0119 pyta\u0144 na temat ojcostwa. Jeste\u015b ojcem pi\u0119ciorga dzieci. Opowiedz mi o swoich dzieciach.\u00a0 Miros\u0142aw Szatkowski: Jednym z najciekawszych odkry\u0107 dla mnie by\u0142o to, [&hellip;]<\/p>\n","protected":false},"author":1,"featured_media":6008,"comment_status":"open","ping_status":"open","sticky":false,"template":"","format":"standard","meta":{"_et_pb_use_builder":"","_et_pb_old_content":"","_et_gb_content_width":"","ngg_post_thumbnail":0},"categories":[440,151,654,59],"tags":[647,358,648,649,253,35,577,650,651,42,578,652,653,655,656,657,47,52,53,503,658,581,659],"jetpack_featured_media_url":"","_links":{"self":[{"href":"https:\/\/test.instytutdidaskalos.pl\/index.php?rest_route=\/wp\/v2\/posts\/5841"}],"collection":[{"href":"https:\/\/test.instytutdidaskalos.pl\/index.php?rest_route=\/wp\/v2\/posts"}],"about":[{"href":"https:\/\/test.instytutdidaskalos.pl\/index.php?rest_route=\/wp\/v2\/types\/post"}],"author":[{"embeddable":true,"href":"https:\/\/test.instytutdidaskalos.pl\/index.php?rest_route=\/wp\/v2\/users\/1"}],"replies":[{"embeddable":true,"href":"https:\/\/test.instytutdidaskalos.pl\/index.php?rest_route=%2Fwp%2Fv2%2Fcomments&post=5841"}],"version-history":[{"count":0,"href":"https:\/\/test.instytutdidaskalos.pl\/index.php?rest_route=\/wp\/v2\/posts\/5841\/revisions"}],"wp:featuredmedia":[{"embeddable":true,"href":"https:\/\/test.instytutdidaskalos.pl\/index.php?rest_route=\/"}],"wp:attachment":[{"href":"https:\/\/test.instytutdidaskalos.pl\/index.php?rest_route=%2Fwp%2Fv2%2Fmedia&parent=5841"}],"wp:term":[{"taxonomy":"category","embeddable":true,"href":"https:\/\/test.instytutdidaskalos.pl\/index.php?rest_route=%2Fwp%2Fv2%2Fcategories&post=5841"},{"taxonomy":"post_tag","embeddable":true,"href":"https:\/\/test.instytutdidaskalos.pl\/index.php?rest_route=%2Fwp%2Fv2%2Ftags&post=5841"}],"curies":[{"name":"wp","href":"https:\/\/api.w.org\/{rel}","templated":true}]}}