{"id":5175,"date":"2014-05-13T17:38:13","date_gmt":"2014-05-13T15:38:13","guid":{"rendered":"http:\/\/instytutdidaskalos.pl\/?p=5175"},"modified":"2014-05-13T17:38:13","modified_gmt":"2014-05-13T15:38:13","slug":"pastor-johann-christoph-schwedler","status":"publish","type":"post","link":"https:\/\/test.instytutdidaskalos.pl\/?p=5175","title":{"rendered":"Pastor Johann Christoph Schwedler"},"content":{"rendered":"<p>Posta\u0107 pastora <a title=\"J. Ch. Schwedlera\" href=\"http:\/\/pawelrub.cluster003.ovh.net\/gtc-wp\/wp-content\/uploads\/2013\/11\/g-151a_20110308_1988595489-219x300.jpg\" target=\"_blank\" rel=\"noopener\">J. Ch. Schwedlera<\/a> znana jest w \u015bwiecie g\u0142\u00f3wnie z bogatego zbioru pie\u015bni chrze\u015bcija\u0144skich. Napisa\u0142 ich oko\u0142o 800 (w \u201e\u015apiewniku Pielgrzyma\u201d\u00a0jest jego pie\u015b\u0144 pt.:\u00a0<a href=\"http:\/\/instytutdidaskalos.pl\/historia-protestantow\/piesn-z-wiezy-dolnej-niem-niederwiese\">\u201eChcesz-li wiedzie\u0107, co ja wiem\u201d<\/a>). Znany jest r\u00f3wnie\u017c z wp\u0142ywu jaki wywar\u0142 na ko\u015bci\u00f3\u0142 jego doby i p\u00f3\u017aniejszych wiek\u00f3w. \u017by\u0142 i pe\u0142ni\u0142 pos\u0142ug\u0119 duszpastersk\u0105 w miejscowo\u015bci <a title=\"Wie\u017ca Dolna (Nie\u00adder\u00adwiese)\" href=\"http:\/\/instytutdidaskalos.pl\/historia-protestantow\/wieza-niem-wiesa#more-5131\" target=\"_blank\" rel=\"noopener\">Wie\u017ca Dolna (Nie\u00adder\u00adwiese)<\/a> ko\u0142o Gryfowa \u015al\u0105skiego na \u0141u\u017cycach G\u00f3rnych (obecnie Dolny \u015al\u0105sk). <a title=\"Budynek ko\u015bcio\u0142a\" href=\"http:\/\/dolny-slask.org.pl\/643560,foto.html?idEntity=519774\" target=\"_blank\" rel=\"noopener\">Budynek ko\u015bcio\u0142a<\/a>, w kt\u00f3rym us\u0142ugiwa\u0142 zosta\u0142 po wojnie zdewastowany i zr\u00f3wnany z ziemi\u0105.<\/p>\n<p><a href=\"http:\/\/instytutdidaskalos.pl\/wp-content\/uploads\/2014\/04\/Wie\u017ca-Dolna-plac-po-ko\u015bciele.jpg\"><img decoding=\"async\" loading=\"lazy\" class=\"aligncenter size-full wp-image-5359\" src=\"http:\/\/instytutdidaskalos.pl\/wp-content\/uploads\/2014\/04\/Wie\u017ca-Dolna-plac-po-ko\u015bciele.jpg\" alt=\"Wie\u017ca Dolna, plac po ko\u015bciele\" width=\"1024\" height=\"768\" \/><\/a><\/p>\n<p><!--more--><\/p>\n<h3>Informacje og\u00f3lne<\/h3>\n<p>J. Ch. Schwedler urodzi\u0142 si\u0119 21.12.1672 r. w Krobicy ko\u0142o \u015awieradowa-Zdroju (Dolny \u015al\u0105sk) jako syn rolnika, a zmar\u0142 12.01.1730 r. w Wie\u017cy Dolnej. Studiowa\u0142 na Uniwersytecie w Lipsku. W 1698 roku zosta\u0142 diakonem w ko\u015bciele w Wie\u017cy Dolnej, a w roku 1702 pastorem.<\/p>\n<p>Powierzono mu sprawowanie nadzoru duszpasterskiego nad siedmioma parafiami w miastach i osiemdziesi\u0119cioma siedmioma na wsiach, na terenie \u0141u\u017cyc G\u00f3rnych w cz\u0119\u015bci zachodniej.<\/p>\n<p>Ponadto us\u0142ugiwa\u0142 chrze\u015bcijanom ewangelicznym ze \u015al\u0105ska, kt\u00f3rzy masowo przybywali do Wie\u017cy, by posili\u0107 si\u0119 S\u0142owem Bo\u017cym, gdy\u017c w tym okresie na terenie \u015al\u0105ska, nale\u017c\u0105cym do Habsburg\u00f3w szala\u0142a kontrreformacja. Wszelki kult religijny dla ewangelicznych chrze\u015bcijan by\u0142 zabroniony. Wiele os\u00f3b ju\u017c w pi\u0105tek wyrusza\u0142o, aby dotrze\u0107 do Wie\u017cy na niedzielne nabo\u017ce\u0144stwo.<\/p>\n<p>Pastor Schwedler znany by\u0142 jako m\u0105\u017c modlitwy i pot\u0119\u017cny kaznodzieja. W niedziel\u0119 bardzo cz\u0119sto rozpoczyna\u0142 us\u0142ugiwanie od godziny 5.00, gdy czekali na niego pielgrzymi ze \u015al\u0105ska. Cz\u0119sto g\u0142osi\u0142 do nich nawet do 15.00.<\/p>\n<p>Ko\u015bci\u00f3\u0142, kt\u00f3rym opiekowa\u0142 si\u0119 pastor dba\u0142 o potrzeby licznych pielgrzym\u00f3w. Wypracowano model spotka\u0144 powi\u0105zanych z us\u0142ug\u0105 S\u0142owem Bo\u017cym, zapewniano po\u017cywienie, spo\u0142eczno\u015b\u0107 i noclegi. Spotkania te sta\u0142y si\u0119 wzorem dla p\u00f3\u017aniejszych <a title=\" camp-meetings ot the American Old South\" href=\"http:\/\/digitalheritage.org\/wp-content\/uploads\/2010\/08\/CampMeeting-01188v-e1291410638124.jpg\" target=\"_blank\" rel=\"noopener\">camp-meetings ot the American Old South<\/a>, great communion-days of the Scottish Highlands, czy nabo\u017ce\u0144stw Braci Morawskich w Czechach.<\/p>\n<h3>Schwedler a rodzina Zinzerdorf<\/h3>\n<p>Pastor Schwedler, zanim powsta\u0142a miejscowo\u015b\u0107 <a title=\"Herrnhut\" href=\"http:\/\/instytutdidaskalos.pl\/historia-protestantow\/herrnnhut-%E2%80%93-miejsce-narodzin-ruchu-misyjnego\" target=\"_blank\" rel=\"noopener\">Herrnhut<\/a>, by\u0142 bliskim przyjacielm babki <a title=\"Nikolausa von Zinzerdorf\" href=\"http:\/\/zinzendorf.com\/pages\/index.php?id=count-nicholas-ludwig-von-zinzendorf\" target=\"_blank\" rel=\"noopener\">Nikolausa von Zinzerdorf<\/a>. Wywar\u0142 na ni\u0105 wp\u0142yw, dzi\u0119ki kt\u00f3remu do\u015bwiadczy\u0142a realno\u015bci zbawienia ze swoich grzech\u00f3w przez poznanie osoby Jezusa Chrystusa. Zaanga\u017cowa\u0142a si\u0119 aktywnie w dzia\u0142ania jakie prowadzi\u0142 pastor Schwedler.<\/p>\n<p>Nicolaus zosta\u0142 wychowany u boku babki, i by\u0142 pod du\u017cym wp\u0142ywem \u017cycia pastora, kt\u00f3ry sta\u0142 si\u0119 w p\u00f3\u017aniejszych latach dla niego ojcem duchowym i przyjacielem, przyk\u0142adem oraz inspiracj\u0105. Zinzerdorf cz\u0119sto przebywa\u0142 w G\u00f3rnej Wie\u017cy.<\/p>\n<p>Gdy powsta\u0142o Herrnhut pastor Schwedler by\u0142 tam cz\u0119stym go\u015bciem. Us\u0142ugiwa\u0142 wielokrotnie przed znamienitym dniem 13 sierpnia 1727 roku, kiedy uczestnicy nabo\u017ce\u0144stwa podczas Wieczerzy Pa\u0144skiej do\u015bwiadczyli wylania Ducha \u015awi\u0119tego, tak jak pierwszy ko\u015bci\u00f3\u0142 w dniu Zielonych \u015awi\u0105t w Jerozolimie.<\/p>\n<p>Podczas pogrzebu pastora Johanna Christophera Schwedlera w Wie\u017cy Dolnej, Zinzerdorf \u015bpiewa\u0142 nad jego grobem pi\u0105t\u0105 zwrotk\u0119 pie\u015bni <em><a href=\"http:\/\/instytutdidaskalos.pl\/historia-protestantow\/piesn-z-wiezy-dolnej-niem-niederwiese\">\u201e<\/a><\/em><a href=\"http:\/\/instytutdidaskalos.pl\/historia-protestantow\/piesn-z-wiezy-dolnej-niem-niederwiese\">Chcesz-li wiedzie\u0107, co ja wiem<\/a><em><a href=\"http:\/\/instytutdidaskalos.pl\/historia-protestantow\/piesn-z-wiezy-dolnej-niem-niederwiese\">\u201d<\/a><\/em>:<\/p>\n<blockquote><p>Kto mnie wyrwa\u0142 z \u015bmierci szpon, Opromienia \u015bwiat\u0142em zgon? Kto do rajskich wiedzie wr\u00f3t, Bym z anio\u0142y \u017cycie wi\u00f3d\u0142? \u2013 Jezus ukrzy\u017cowany!<\/p><\/blockquote>\n<h3>Schwedler a Bracia Morawscy<\/h3>\n<p>Relacje z Bra\u0107mi Morawskimi i ich dalsza wsp\u00f3\u0142praca rozpocz\u0119\u0142a si\u0119 od poznania Czecha Dawida Christiana w G\u00f6rlitz. M\u0142odzieniec ten poszukiwa\u0142 realnej obecno\u015bci Jezusa Chrystusa w swoim \u017cyciu. Poprzez poznanie drogi zbawienia jedynie z \u0142aski przez wiar\u0119, jego serce zosta\u0142o wype\u0142nione pewno\u015bci\u0105 przebaczenia grzech\u00f3w i p\u0142omiennym ogniem mi\u0142o\u015bci do Boga Ojca i Jezusa Chrystusa oraz bli\u017anich. Pod naporem wewn\u0119trznego g\u0142osu i przekonania uda\u0142 si\u0119 w rodzinne strony na Morawy, gdzie \u017cyli chrze\u015bcijanie, kt\u00f3rzy od zako\u0144czenia bitwy pod Bia\u0142\u0105 G\u00f3r\u0105 (8.11.1620) do\u015bwiadczali silnych prze\u015bladowa\u0144 religijnych z powodu katolickiej kontrreformacji.<\/p>\n<p>Odwiedza\u0142 liczne miejscowo\u015bci i dzieli\u0142 si\u0119 nowo poznanym do\u015bwiadczeniem. W wyniku jego zwiastowania ludzkie serca zosta\u0142y odnawiane, przebudzane, a wielu po raz pierwszy do\u015bwiadczy\u0142o spotkania z Jezusem Chrystusem. Fala przebudzenia zacz\u0119\u0142a si\u0119 rozprzestrzenia\u0107 od miejscowo\u015bci do miejscowo\u015bci, a wraz z ni\u0105 prze\u015bladowania. Niekt\u00f3re \u017ar\u00f3d\u0142a m\u00f3wi\u0105 o ucieczce 150 000 ewangelicznych chrze\u015bcijan z Czech.<\/p>\n<p>Christian Dawid przedstawi\u0142 ca\u0142\u0105 sytuacj\u0119 pastorowi Schwedlerowi i pastorowi <a title=\"Johannowi Adamowi Steinmetz\" href=\"http:\/\/pl.wikipedia.org\/wiki\/Johann_Adam_Steinmetz\" target=\"_blank\" rel=\"noopener\">Johannowi Adamowi Steinmetz<\/a> z Cieszyna. Stworzyli drog\u0119 ucieczki dla prze\u015bladowanych chrze\u015bcijan z Moraw. Znale\u017ali dla nich nowe miejsca do \u017cycia na terenie \u0141u\u017cyc G\u00f3rnych w Herrnhut, Betersdorf i okolicach.<\/p>\n<p>Wie\u017ca Dolna w tym okresie by\u0142a bardzo wa\u017cnym miejscem wsparcia na powsta\u0142ym szlaku emigracyjnym. Christian Dawid przyprowadzi\u0142 pierwsz\u0105 grup\u0119 osiedle\u0144c\u00f3w do Herrnhut, zosta\u0142 praw\u0105 r\u0119k\u0105 Zinzerdorfa oraz motorem nap\u0119dowym rozwoju ruchu misyjnego Braci Morawskich.<\/p>\n<h3>Wa\u017cny o\u015brodek pietyzmu na \u0141u\u017cycach G\u00f3rnych<\/h3>\n<p>\u017bycie i pos\u0142uga pastora Johanna Christopha Schwedlera bardzo r\u00f3\u017cni\u0142a si\u0119 od wi\u0119kszo\u015bci pastor\u00f3w ko\u015bcio\u0142a lutera\u0144skiego. Od pocz\u0105tku swego \u017cycia duchowego pragn\u0105\u0142 s\u0142u\u017cy\u0107 i czci\u0107 ca\u0142ym sercem Jezusa Chrystusa. Widz\u0105c letarg duchowy ko\u015bcio\u0142a lutera\u0144skiego rozpocz\u0105\u0142 g\u0142\u0119bokie \u017cycie duchowe. Nawi\u0105za\u0142 relacje z innymi duchownymi o podobnym nastawieniu z pietystycznego ruchu odnowienia. Poszukiwa\u0142 ludzi maj\u0105cych g\u0142\u00f3d duchowy i gromadzi\u0142 ich w grupy biblijne, modlitewne i domowe na terenie parafii, kt\u00f3rymi si\u0119 opiekowa\u0142. Stworzy\u0142 w ten spos\u00f3b sie\u0107 grup na terenie \u0141u\u017cyc G\u00f3rnych.<\/p>\n<p>Po zetkni\u0119ciu si\u0119 z ruchem Braci Morawskich, p\u0142omie\u0144 przebudzenia przenikn\u0105\u0142 na teren \u0141u\u017cyc G\u00f3rnych. Historycy zajmuj\u0105cy si\u0119 badaniem genezy powstawania przebudze\u0144 stwierdzaj\u0105, \u017ce dzia\u0142ania Schwedlera przyczyni\u0142y si\u0119 do stworzenia \u015brodowiska przyj\u0119cia ognia Bo\u017cego, utrzymania go oraz przekazania dalej na zach\u00f3d. Pos\u0142uga jego mia\u0142a wp\u0142yw na dalszy rozw\u00f3j Ko\u015bcio\u0142a Braci Morawskich, Ko\u015bcio\u0142a metodystycznego i purytanizmu.<\/p>\n<p>Dzi\u0119ki inicjatywie pastora Schwedlera za\u0142o\u017cono w Wie\u017cy Dolnej sierociniec.<\/p>\n<p><a href=\"https:\/\/szukajacboga.pl\/moja-historia\/\" target=\"_blank\" rel=\"noopener\">Historie &#8230;<\/a><\/p>\n<p><a href=\"https:\/\/szukajacboga.pl\/\" target=\"_blank\" rel=\"noopener\">SzukajacBoga<\/a><\/p>\n<p><a href=\"http:\/\/docplayer.pl\/52271137-Przewodnik-po-zabytkach-reformacji.html\" target=\"_blank\" rel=\"noopener\">Przewodnik po zabytkach reformacji na \u0141u\u017cycach G\u00f3rnych i Dolnym \u015al\u0105sku.<\/a><\/p>\n\n<p><b>\u0179r\u00f3d\u0142o<\/b><\/p>\n<ol>\n<li>Christianity under the Ancien Regime 1648-1789 (str.99, 100) &#8211; W.R. Ward; Cambridge University Press1999.<\/li>\n<li>The Cambridge History of Christianity, Enlightenment, Reawakening and Revolution 1660 \u2013 1815, Steward J. Brown and Timothy Tackett (str. 326);\u00a0 \u00a0Cambridge University Press 2006.<\/li>\n<li>History of the Moravian Church \u2013 Joseph Edmund Hutton, Moravian Publication Office, London 1909.<\/li>\n<li>Moc s v\u00fdsosti. Greenfield, John. Praha 1936.<\/li>\n<li><a title=\"http:\/\/www.rowery.gryfow.pl\/1580\/przygraniczny-kosciol-ewangelicki-w-wiezy-i-pietysci\/\" href=\"http:\/\/books.google.pl\/books?id=swIBAAAAcAAJ&amp;pg=PA476&amp;hl=pl&amp;source=gbs_selected_pages&amp;cad=3#v=onepage&amp;q&amp;f=false\" target=\"_blank\" rel=\"noopener\">Chronik der Stadt Greiffenberg in Schlesien. Johannes Gotthelf Luge. Greiffenberg 1861<\/a>.<\/li>\n<\/ol>\n<h3>Linki<\/h3>\n<ol>\n<li><a title=\"Artyku\u0142: Przygraniczny ko\u015bci\u00f3\u0142 ewangelicki w Wie\u017cy i piety\u015bci. \" href=\"http:\/\/www.rowery.gryfow.pl\/1580\/przygraniczny-kosciol-ewangelicki-w-wiezy-i-pietysci\/\" target=\"_blank\" rel=\"noopener\">Artyku\u0142: Przygraniczny ko\u015bci\u00f3\u0142 ewangelicki w Wie\u017cy i piety\u015bci.\u00a0<\/a><\/li>\n<li><a title=\" Camp-meetings ot the American Old South - obraz\" href=\"http:\/\/upload.wikimedia.org\/wikipedia\/commons\/4\/49\/Methodist_camp_meeting_%281819_engraving%29.jpg\" target=\"_blank\" rel=\"noopener\">Camp-meetings ot the American Old South &#8211; obraz<\/a><\/li>\n<li><a title=\"Parafia w Wie\u017cy Dolnej\" href=\"http:\/\/dolny-slask.org.pl\/685938,foto.html\" target=\"_blank\" rel=\"noopener\">Parafia w Wie\u017cy Dolnej<\/a><\/li>\n<li><a title=\"Ambona z kt\u00f3rej g\u0142osi\u0142 pastor Schwedler\" href=\"http:\/\/dolny-slask.org.pl\/785001,foto.html?idEntity=519774\" target=\"_blank\" rel=\"noopener\">Ambona z kt\u00f3rej g\u0142osi\u0142 pastor Schwedler<\/a><\/li>\n<li><a title=\"Archiwalne zdj\u0119cia i obrazy Wie\u017cy, pastor\u00f3w, ko\u015bcio\u0142\u00f3w\" href=\"http:\/\/www.heimatarchiv-lauban.de\/bis-1945-der-kreis-lauban-seine-st%C3%A4dte-und-gemeinden\/091-wiesa-wiese\/\" target=\"_blank\" rel=\"noopener\">Archiwalne zdj\u0119cia i obrazy Wie\u017cy, pastor\u00f3w, ko\u015bcio\u0142\u00f3w<\/a> ze \u017ar\u00f3de\u0142 archiwum z Niemiec<\/li>\n<\/ol>\n","protected":false},"excerpt":{"rendered":"<p>Posta\u0107 pastora J. Ch. Schwedlera znana jest w \u015bwiecie g\u0142\u00f3wnie z bogatego zbioru pie\u015bni chrze\u015bcija\u0144skich. Napisa\u0142 ich oko\u0142o 800 (w \u201e\u015apiewniku Pielgrzyma\u201d\u00a0jest jego pie\u015b\u0144 pt.:\u00a0\u201eChcesz-li wiedzie\u0107, co ja wiem\u201d). Znany jest r\u00f3wnie\u017c z wp\u0142ywu jaki wywar\u0142 na ko\u015bci\u00f3\u0142 jego doby i p\u00f3\u017aniejszych wiek\u00f3w. \u017by\u0142 i pe\u0142ni\u0142 pos\u0142ug\u0119 duszpastersk\u0105 w miejscowo\u015bci Wie\u017ca Dolna (Nie\u00adder\u00adwiese) ko\u0142o Gryfowa [&hellip;]<\/p>\n","protected":false},"author":1,"featured_media":5359,"comment_status":"open","ping_status":"open","sticky":false,"template":"","format":"video","meta":{"_et_pb_use_builder":"","_et_pb_old_content":"","_et_gb_content_width":"","ngg_post_thumbnail":0},"categories":[626,198,307,320],"tags":[196,627,601,584,301,37,311,606,608,44,628,324,475,327,547,612,550,551],"jetpack_featured_media_url":"","_links":{"self":[{"href":"https:\/\/test.instytutdidaskalos.pl\/index.php?rest_route=\/wp\/v2\/posts\/5175"}],"collection":[{"href":"https:\/\/test.instytutdidaskalos.pl\/index.php?rest_route=\/wp\/v2\/posts"}],"about":[{"href":"https:\/\/test.instytutdidaskalos.pl\/index.php?rest_route=\/wp\/v2\/types\/post"}],"author":[{"embeddable":true,"href":"https:\/\/test.instytutdidaskalos.pl\/index.php?rest_route=\/wp\/v2\/users\/1"}],"replies":[{"embeddable":true,"href":"https:\/\/test.instytutdidaskalos.pl\/index.php?rest_route=%2Fwp%2Fv2%2Fcomments&post=5175"}],"version-history":[{"count":0,"href":"https:\/\/test.instytutdidaskalos.pl\/index.php?rest_route=\/wp\/v2\/posts\/5175\/revisions"}],"wp:featuredmedia":[{"embeddable":true,"href":"https:\/\/test.instytutdidaskalos.pl\/index.php?rest_route=\/"}],"wp:attachment":[{"href":"https:\/\/test.instytutdidaskalos.pl\/index.php?rest_route=%2Fwp%2Fv2%2Fmedia&parent=5175"}],"wp:term":[{"taxonomy":"category","embeddable":true,"href":"https:\/\/test.instytutdidaskalos.pl\/index.php?rest_route=%2Fwp%2Fv2%2Fcategories&post=5175"},{"taxonomy":"post_tag","embeddable":true,"href":"https:\/\/test.instytutdidaskalos.pl\/index.php?rest_route=%2Fwp%2Fv2%2Ftags&post=5175"}],"curies":[{"name":"wp","href":"https:\/\/api.w.org\/{rel}","templated":true}]}}