{"id":5123,"date":"2014-04-15T14:20:33","date_gmt":"2014-04-15T12:20:33","guid":{"rendered":"http:\/\/instytutdidaskalos.pl\/?p=5123"},"modified":"2014-04-15T14:20:33","modified_gmt":"2014-04-15T12:20:33","slug":"uwierz-w-siebie-nawet-jesli-nikt-w-ciebie-nie-wierzy","status":"publish","type":"post","link":"https:\/\/test.instytutdidaskalos.pl\/?p=5123","title":{"rendered":"Uwierz w siebie, nawet je\u015bli nikt w Ciebie nie wierzy"},"content":{"rendered":"<p>Je\u015bli jeste\u015b typowym Polakiem, z typowej polskiej rodziny i z typowego polskiego \u015brodowiska, to najprawdopodobniej nikt w Ciebie nie wierzy i nie uwierzy, dop\u00f3ki nie udowodnisz, \u017ce w Ciebie mo\u017cna wierzy\u0107. W takim wypadku, je\u015bli b\u0119dziesz chcia\u0142 zrobi\u0107 co\u015b ambitniejszego, wyruszy\u0107 w kierunku ponadprzeci\u0119tnej wizji, czy te\u017c podnie\u015b\u0107 swoje \u017cycie na wy\u017cszy poziom, pewnie wzbudzi to u ludzi w\u0105tpliwo\u015bci i sceptyczne u\u015bmiechy.<\/p>\n<p>B\u0119d\u0105c m\u0142odym cz\u0142owiekiem zacz\u0105\u0142em marzy\u0107, wytycza\u0107 sobie cele i dzieli\u0107 si\u0119 wizj\u0105, kt\u00f3ra stopniowo krystalizowa\u0142a si\u0119 w moim sercu. Jednak spotka\u0142em si\u0119 z dwojak\u0105 reakcj\u0105:<\/p>\n<ul>\n<li>ludzie \u015bmiali si\u0119 ze mnie,<\/li>\n<li>m\u00f3wili, \u017ce mi si\u0119 nie uda i t\u0142umaczyli, dlaczego odnios\u0119 pora\u017ck\u0119, gdy b\u0119d\u0119 pr\u00f3bowa\u0142 zrealizowa\u0107 swoje zamierzenia.<\/li>\n<\/ul>\n<p><!--more--><\/p>\n<p>By\u0142o to spowodowane tym, \u017ce moje \u015brodowisko we mnie nie wierzy\u0142o. Mia\u0142em marzenia, kt\u00f3re w ich opinii mnie przerasta\u0142y. Chcieli, abym zszed\u0142 na ziemi\u0119 i zacz\u0105\u0142 si\u0119 zajmowa\u0107 czym\u015b bardziej skrojonym na moj\u0105 miar\u0119, czym\u015b bardziej przeci\u0119tnym, co w ich opinii by\u0142o dla mnie osi\u0105galne (czytaj: co by\u0142o osi\u0105galne dla <i>kogo\u015b takiego jak ja<\/i>).<\/p>\n<p>W rzeczywisto\u015bci, gdy by\u0142em m\u0142ody, wierzy\u0142y we mnie tylko dwie osoby &#8211; Ryszard Ditrich, o kt\u00f3rym wspomnia\u0142em wcze\u015bniej i moja nauczycielka historii i wiedzy o spo\u0142ecze\u0144stwie. Ku ironii, na jej lekcjach k\u0142ad\u0142em si\u0119 na \u0142awce i spa\u0142em, albo czyta\u0142em ksi\u0105\u017cki. Gdy jako jedyna osoba w historii mojej szko\u0142y zda\u0142em egzamin z j\u0119zyka angielskiego z zakresu szko\u0142y \u015bredniej, zatrzyma\u0142a mnie na szkolnym korytarzu i z satysfakcj\u0105 w g\u0142osie powiedzia\u0142a:<\/p>\n<p>&#8211; Andrzeju, gratuluj\u0119! Zawsze wiedzia\u0142am, \u017ce jeste\u015b m\u0105drym cz\u0142owiekiem, a przed tob\u0105 jest wybitna przysz\u0142o\u015b\u0107. B\u0119dziesz mia\u0142 wyj\u0105tkowe i ponadprzeci\u0119tne \u017cycie.<\/p>\n<p>&#8211; Naprawd\u0119? &#8211; B\u0105kn\u0105\u0142em zdumiony, robi\u0105c wielkie oczy, a w my\u015blach mign\u0119\u0142y mi wspomnienia, gdy na jej lekcjach k\u0142ad\u0142em si\u0119 na \u0142awce i spa\u0142em, albo czyta\u0142em ksi\u0105\u017cki. Na jakiej podstawie stwierdzi\u0142a moj\u0105 <i>wyj\u0105tkowo\u015b\u0107<\/i>? Poj\u0119cia nie mia\u0142em i nadal nie mam.<\/p>\n<p>Ale opr\u00f3cz niej i Ryszarda nikt we mnie nie wierzy\u0142. Cz\u0119sto spotyka\u0142em si\u0119 z drwi\u0105cymi u\u015bmieszkami i s\u0142owami pe\u0142nymi niech\u0119ci oraz braku wiary. Ludzie we mnie nie wierzyli. Ci\u0105gn\u0119\u0142o si\u0119 to ca\u0142ymi latami, my\u015bl\u0119, \u017ce do trzydziestego pierwszego roku \u017cycia. Podj\u0105\u0142em decyzj\u0119, \u017ce cho\u0107 inni we mnie nie wierz\u0105, to jednak ja b\u0119d\u0119 wierzy\u0142 w swoje powo\u0142anie, marzenia, cele, wizj\u0119, a tak\u017ce w to, kim mog\u0119 i powinienem si\u0119 sta\u0107. Nie da\u0142em si\u0119 zniech\u0119ci\u0107.<\/p>\n<p><a href=\"http:\/\/instytutdidaskalos.pl\/wp-content\/uploads\/2014\/04\/CIMG0397-2.jpg\"><img decoding=\"async\" loading=\"lazy\" class=\"aligncenter size-full wp-image-5125\" src=\"http:\/\/instytutdidaskalos.pl\/wp-content\/uploads\/2014\/04\/CIMG0397-2.jpg\" alt=\"CIMG0397 (2)\" width=\"1024\" height=\"630\"><\/a><\/p>\n<blockquote><p>Uwa\u017caj, aby nie przekona\u0107 samego siebie, \u017ce twoje marzenia s\u0105 nierealistyczne. Staraj si\u0119 raczej jeszcze bardziej je w sobie rozbudzi\u0107. Uwierz, \u017ce mo\u017cesz urzeczywistni\u0107 swoje marzenia, a dokonasz tego!<\/p>\n<p>Uwierz, \u017ce mo\u017cesz.<\/p>\n<p>Wiem, \u017ce to dzia\u0142a, bo sam tego do\u015bwiadczam. Kiedy\u015b marzenie by\u0142o wszystkim, co mia\u0142em w \u017cyciu. Posiada\u0142em jedynie to, co skrywa\u0142em w swoim wn\u0119trzu. Nic wok\u00f3\u0142 mnie nie wskazywa\u0142o, \u017ce to marzenie si\u0119 spe\u0142nia, ale co\u015b w \u015brodku m\u00f3wi\u0142o mi: &#8222;To tam jest! To tam jest! Jest tam! D\u0105\u017c do tego. Czeka ci\u0119 s\u0142u\u017cba dla Boga&#8221;.<\/p>\n<p>Jentezen Franklin<\/p><\/blockquote>\n<p>Kiedy\u015b ludzie \u015bmiali si\u0119 ze mnie i drwi\u0105co powtarzali, \u017ce odnios\u0119 pora\u017ck\u0119, kwestionuj\u0105c moje marzenia, pomys\u0142y, zamierzenia i plany. Dzisiaj nikt si\u0119 ze mnie nie \u015bmieje. Zacz\u0105\u0142em \u017cy\u0107 zgodnie ze swoj\u0105 wiar\u0105 odno\u015bnie przysz\u0142o\u015bci i zrozumieniem mojego przeznaczenia. Widzia\u0142em jak marzenia, zupe\u0142nie nierealne, stawa\u0142y si\u0119 rzeczywisto\u015bci\u0105.<\/p>\n<p>A\u017c strach pomy\u015ble\u0107, ile bym straci\u0142, gdybym przyj\u0105\u0142 niewiar\u0119 innych, buduj\u0105c swoje \u017cycie i poczucie warto\u015bci w oparciu o ich negatywne wyznania o mnie i krytyk\u0119, przesadnie przejmuj\u0105c si\u0119 kpinami, drwinami i szyderstwami. Co by si\u0119 sta\u0142o z moimi marzeniami, gdybym je ocenia\u0142 na podstawie ocen ludzi, kt\u00f3rzy we mnie nie wierzyli?<\/p>\n<blockquote><p>Uwierz w siebie i w to, \u017ce Ci si\u0119 uda, nawet je\u015bli nikt w Ciebie nie wierzy. Nie daj si\u0119 zniech\u0119ci\u0107 ma\u0142ym i kr\u00f3tkowzrocznym ludziom. Masz przysz\u0142o\u015b\u0107. Je\u015bli wiesz, \u017ce dla Ciebie jest co\u015b wi\u0119cej, to \u015bmia\u0142o pod\u0105\u017caj w tym kierunku.<\/p><\/blockquote>\n<p>Photo credit: Ewa Po\u0142e\u0107<\/p>\n","protected":false},"excerpt":{"rendered":"<p>Je\u015bli jeste\u015b typowym Polakiem, z typowej polskiej rodziny i z typowego polskiego \u015brodowiska, to najprawdopodobniej nikt w Ciebie nie wierzy i nie uwierzy, dop\u00f3ki nie udowodnisz, \u017ce w Ciebie mo\u017cna wierzy\u0107. W takim wypadku, je\u015bli b\u0119dziesz chcia\u0142 zrobi\u0107 co\u015b ambitniejszego, wyruszy\u0107 w kierunku ponadprzeci\u0119tnej wizji, czy te\u017c podnie\u015b\u0107 swoje \u017cycie na wy\u017cszy poziom, pewnie wzbudzi [&hellip;]<\/p>\n","protected":false},"author":1,"featured_media":5125,"comment_status":"open","ping_status":"open","sticky":false,"template":"","format":"image","meta":{"_et_pb_use_builder":"","_et_pb_old_content":"","_et_gb_content_width":"","ngg_post_thumbnail":0},"categories":[179,98,10,12,167,15],"tags":[240,594,595,522,136,596,429,96,97,597,598,187,599],"jetpack_featured_media_url":"","_links":{"self":[{"href":"https:\/\/test.instytutdidaskalos.pl\/index.php?rest_route=\/wp\/v2\/posts\/5123"}],"collection":[{"href":"https:\/\/test.instytutdidaskalos.pl\/index.php?rest_route=\/wp\/v2\/posts"}],"about":[{"href":"https:\/\/test.instytutdidaskalos.pl\/index.php?rest_route=\/wp\/v2\/types\/post"}],"author":[{"embeddable":true,"href":"https:\/\/test.instytutdidaskalos.pl\/index.php?rest_route=\/wp\/v2\/users\/1"}],"replies":[{"embeddable":true,"href":"https:\/\/test.instytutdidaskalos.pl\/index.php?rest_route=%2Fwp%2Fv2%2Fcomments&post=5123"}],"version-history":[{"count":0,"href":"https:\/\/test.instytutdidaskalos.pl\/index.php?rest_route=\/wp\/v2\/posts\/5123\/revisions"}],"wp:featuredmedia":[{"embeddable":true,"href":"https:\/\/test.instytutdidaskalos.pl\/index.php?rest_route=\/"}],"wp:attachment":[{"href":"https:\/\/test.instytutdidaskalos.pl\/index.php?rest_route=%2Fwp%2Fv2%2Fmedia&parent=5123"}],"wp:term":[{"taxonomy":"category","embeddable":true,"href":"https:\/\/test.instytutdidaskalos.pl\/index.php?rest_route=%2Fwp%2Fv2%2Fcategories&post=5123"},{"taxonomy":"post_tag","embeddable":true,"href":"https:\/\/test.instytutdidaskalos.pl\/index.php?rest_route=%2Fwp%2Fv2%2Ftags&post=5123"}],"curies":[{"name":"wp","href":"https:\/\/api.w.org\/{rel}","templated":true}]}}