{"id":4858,"date":"2014-02-20T13:32:35","date_gmt":"2014-02-20T12:32:35","guid":{"rendered":"http:\/\/instytutdidaskalos.pl\/?p=4858"},"modified":"2014-02-20T13:32:35","modified_gmt":"2014-02-20T12:32:35","slug":"pastor-christian-adolph-z-biedrzychowic","status":"publish","type":"post","link":"https:\/\/test.instytutdidaskalos.pl\/?p=4858","title":{"rendered":"Pastor Christian Adolph z Biedrzychowic"},"content":{"rendered":"<p><a title=\"Christian Adolph\" href=\"http:\/\/www.zl.luba\u014424.pl\/photos\/Biedrzychowice%20nieznane1_tn_.jpg\" target=\"_blank\" rel=\"noopener\">Christian Adolph<\/a> by\u0142 pierwszym pastorem w Biedrzychowicach (niem. Friedersdorf am Queis) ko\u015bcio\u0142a \u201eU Studni Jezusa \u2013 Zum Jesusbrunnen\u201d. Ko\u015bci\u00f3\u0142 ten zosta\u0142 po\u015bwi\u0119cony<strong> 20 lutego 1656 roku<\/strong> przez pastora, a kluczowymi s\u0142owami tego dnia na kt\u00f3re si\u0119 powo\u0142a\u0142 by\u0142y s\u0142owa z Psalmu 46,5. Natomiast mottem do kazania by\u0142 Psalm 84,2-5. Ko\u015bci\u00f3\u0142 ten pe\u0142ni\u0142 szczeg\u00f3ln\u0105 rol\u0119 duszpastersk\u0105 w czasach szalej\u0105cej na \u015al\u0105sku kontrreformacji. By\u0142 miejscem zaspokojenia potrzeb g\u0142odu i pragnienia duchowego dla tysi\u0119cy ewangelicznych chrze\u015bcijan, kt\u00f3rzy przybywali do tego miejsca.<\/p>\n<p><a href=\"http:\/\/instytutdidaskalos.pl\/wp-content\/uploads\/2014\/02\/ko\u015bci\u00f3\u0142-U-studni-Jezusa.jpg\"><img decoding=\"async\" loading=\"lazy\" class=\"aligncenter size-full wp-image-4867\" src=\"http:\/\/instytutdidaskalos.pl\/wp-content\/uploads\/2014\/02\/ko\u015bci\u00f3\u0142-U-studni-Jezusa.jpg\" alt=\"ko\u015bci\u00f3\u0142 - U studni Jezusa\" width=\"768\" height=\"1024\" \/><\/a><\/p>\n<p><!--more-->Przy wschodniej \u015bcianie ko\u015bcio\u0142a w Biedrzychowicach znajduje si\u0119 p\u0142yta nagrobna pastora Christiana Adolpha, kt\u00f3ra jest bardzo prosta w ornamentyk\u0119, lecz zawiera du\u017c\u0105 ilo\u015b\u0107 informacji z \u017cycia tego duchownego. Oto kilka informacji:<\/p>\n<p>Data i miejsce urodzenia: 31.05.1598, Radomice (niem. W\u00fcnschendorf);<\/p>\n<p>Data i miejsce \u015bmierci: 3.04.1675, Biedrzychowice (niem. Friedersdorf am Queis);<\/p>\n<p>Rodzice: Ojciem by\u0142 Gideon Adolph (pastor z Radomic), a matk\u0105 by\u0142a Sybilla Wehnerin (c\u00f3rka pastora JohannaWenera \u2013 by\u0142 pastorem w Wykrotach i Uniegoszczy);<\/p>\n<p>Edukacja: uczy\u0142 si\u0119 w Gryfowie, Budziszynie i Wittenbergi;<\/p>\n<p>Miejsca i lata pos\u0142ugi duchowej: Nowa Wie\u015b Legnicka (Klein Neudorf) \u2013 pastor przez 1 rok; Chemnitz \u2013 diakon przez 4 lata; Gryf\u00f3w \u2013 pastor przez 29 lat; Biedrzychowice \u2013 pastor przez 21 lat. W sumie sprawowa\u0142 55 lat pos\u0142ugi duchowej;<\/p>\n<p>\u017bony i dzieci: Pierwsz\u0105 \u017con\u0105 by\u0142a Sara Pehtzler (c\u00f3ra pastora z Chemnitz), z kt\u00f3r\u0105 wychowa\u0142 dwie c\u00f3rki i dw\u00f3ch syn\u00f3w; prze\u017cy\u0142 z ni\u0105 47 lat. Drug\u0105 \u017con\u0105 by\u0142a Rosina Gebamers (c\u00f3rka rajcy gryfowskiego), z kt\u00f3r\u0105 si\u0119 o\u017ceni\u0142 18.06.1669r. Doczeka\u0142 si\u0119 dw\u00f3ch wnuk\u00f3w.<\/p>\n<p>Bardzo wa\u017cn\u0105 informacj\u0105 podan\u0105 na p\u0142ycie nagrobnej jest to, \u017ce po trzydziestu latach pos\u0142ugi jako pastor w Gryfowie musia\u0142 uchodzi\u0107 z powodu papistowskich (rzymskokatolickich urz\u0119dnik\u00f3w) prze\u015bladowa\u0144. Szczeg\u00f3\u0142owy opis tych wydarze\u0144 opisa\u0142 historyk \u0141ukasz Tekiela w artykule<a title=\"\u201eChristian Adolph \u2013 pierwszy pastor Biedrzychowic\u201d\" href=\"http:\/\/proparvapatria.pl\/index.php\/historia\/163-christian-adolph-pierwszy-pastor-biedrzychowic\" target=\"_blank\" rel=\"noopener\"> \u201eChristian Adolph \u2013 pierwszy pastor Biedrzychowic\u201d<\/a>.<\/p>\n<p><a href=\"https:\/\/szukajacboga.pl\/moja-historia\/\" target=\"_blank\" rel=\"noopener\">Historie &#8230;<\/a><\/p>\n<p><a href=\"http:\/\/docplayer.pl\/52271137-Przewodnik-po-zabytkach-reformacji.html\" target=\"_blank\" rel=\"noopener\">Przewodnik po zabytkach reformacji na \u0141u\u017cycach G\u00f3rnych i Dolnym \u015al\u0105sku.<\/a><\/p>\n<p><a href=\"http:\/\/instytutdidaskalos.pl\/wp-content\/uploads\/2014\/02\/p\u0142yta-nagrobna-pastora-Christiana-Adolpha.jpg\"><img decoding=\"async\" loading=\"lazy\" class=\"aligncenter size-full wp-image-4859\" src=\"http:\/\/instytutdidaskalos.pl\/wp-content\/uploads\/2014\/02\/p\u0142yta-nagrobna-pastora-Christiana-Adolpha.jpg\" alt=\"p\u0142yta nagrobna pastora Christiana Adolpha\" width=\"768\" height=\"1024\" \/><\/a><\/p>\n<p>Prze\u015bladowania ewangelik\u00f3w na \u015al\u0105sku rozpocz\u0119\u0142y si\u0119 po zako\u0144czeniu wojny trzydziestoletniej (1618-1648) w ramach dzia\u0142a\u0144 kontreformacji prowadzonej przez w\u0142adze cesarza Ferdynanda III Habsburga. Po przegranej wojnie i podpisaniu traktatu westfalskiego og\u0142osi\u0142 w 1651r., \u017ce wyznanie rzymskokatolickie jest jedynie dozwolone na obszarach jego monarchii. Biedrzychowice nale\u017ca\u0142y do Saksonii, w kt\u00f3rej panowa\u0142a wolno\u015b\u0107 wyznania.<\/p>\n<p>Linki do innych artyku\u0142\u00f3w tematycznie powi\u0105zanych:<\/p>\n<p>1. <a title=\"Biedrzychowice nieznane\" href=\"http:\/\/www.zl.luba\u014424.pl\/1,698,1,item.html\" target=\"_blank\" rel=\"noopener\">Biedrzychowice nieznane: <\/a>www.zl.luba\u014424.pl\/1,698,1,item.html<\/p>\n<p>2. <a title=\"Biedrzychowice nieznane cz.2\" href=\"www.zl.luba\u014424.pl\/1,756,1,item.html\" target=\"_blank\" rel=\"noopener\">Biedrzychowice nieznane cz.2: <\/a>www.zl.luba\u014424.pl\/1,756,1,item.html<\/p>\n<p>3. <a title=\"P\u0142yta nagrobna pastora Christiana Adolpha\" href=\"http:\/\/dolny-slask.org.pl\/4216370,foto.html?idEntity=3790147\" target=\"_blank\" rel=\"noopener\">P\u0142yta nagrobna pastora Christiana Adolpha<\/a><\/p>\n<p>4. <a title=\"P\u0142yta nagrobna pierwszej \u017cony Sary\" href=\"http:\/\/dolny-slask.org.pl\/4216297,foto.html?idEntity=3790147\" target=\"_blank\" rel=\"noopener\">P\u0142yta nagrobna pierwszej \u017cony Sary<\/a><\/p>\n<p>5. <a title=\"P\u0142yty nagrobne i epitafia przy ko\u015bciele w Biedrzychowicach \" href=\"http:\/\/www.dokumentyslaska.pl\/epitafia\/miejscowosci\/zdjecia\/luban%20biedrzychowice\/\" target=\"_blank\" rel=\"noopener\">P\u0142yty nagrobne i epitafia przy ko\u015bciele w Biedrzychowicach <\/a><\/p>\n<p>6. <a title=\"Historia ko\u015bcio\u0142a &quot;U studni Jezusa&quot; i jego dzia\u0142alno\u015b\u0107 misyjna\" href=\"http:\/\/http:\/\/www.zl.luba\u014424.pl\/1,1757,1,item.html\" target=\"_blank\" rel=\"noopener\">Historia ko\u015bcio\u0142a &#8222;U studni Jezusa&#8221; i jego dzia\u0142alno\u015b\u0107 misyjna<\/a><\/p>\n<p>www.zl.luba\u014424.pl\/1,1757,1,item.html<\/p>\n<p>7. <a title=\"Historia ko\u015bcio\u0142a &quot;U studni Jezusa&quot; i jego dzia\u0142alno\u015b\u0107 misyjna cz.2\" href=\"http:\/\/www.zl.luba\u014424.pl\/1,1092,1,item.html\" target=\"_blank\" rel=\"noopener\">Historia ko\u015bcio\u0142a &#8222;U studni Jezusa&#8221; i jego dzia\u0142alno\u015b\u0107 misyjna cz.2<\/a><\/p>\n<p>www.zl.luba\u014424.pl\/1,1092,1,item.html<\/p>\n<p>8.<a href=\"https:\/\/www.google.pl\/maps\/place\/Wie%C5%BCa\/@51.0077102,15.3927698,13z\/data=!4m2!3m1!1s0x470f2a715d273559:0xb8483babc1fb9c25\"> SzukajacBoga<\/a><\/p>\n","protected":false},"excerpt":{"rendered":"<p>Christian Adolph by\u0142 pierwszym pastorem w Biedrzychowicach (niem. Friedersdorf am Queis) ko\u015bcio\u0142a \u201eU Studni Jezusa \u2013 Zum Jesusbrunnen\u201d. Ko\u015bci\u00f3\u0142 ten zosta\u0142 po\u015bwi\u0119cony 20 lutego 1656 roku przez pastora, a kluczowymi s\u0142owami tego dnia na kt\u00f3re si\u0119 powo\u0142a\u0142 by\u0142y s\u0142owa z Psalmu 46,5. Natomiast mottem do kazania by\u0142 Psalm 84,2-5. Ko\u015bci\u00f3\u0142 ten pe\u0142ni\u0142 szczeg\u00f3ln\u0105 rol\u0119 duszpastersk\u0105 [&hellip;]<\/p>\n","protected":false},"author":1,"featured_media":4859,"comment_status":"open","ping_status":"open","sticky":false,"template":"","format":"standard","meta":{"_et_pb_use_builder":"","_et_pb_old_content":"","_et_gb_content_width":"","ngg_post_thumbnail":0},"categories":[198],"tags":[530,582,583,584,585,44,586,569],"jetpack_featured_media_url":"","_links":{"self":[{"href":"https:\/\/test.instytutdidaskalos.pl\/index.php?rest_route=\/wp\/v2\/posts\/4858"}],"collection":[{"href":"https:\/\/test.instytutdidaskalos.pl\/index.php?rest_route=\/wp\/v2\/posts"}],"about":[{"href":"https:\/\/test.instytutdidaskalos.pl\/index.php?rest_route=\/wp\/v2\/types\/post"}],"author":[{"embeddable":true,"href":"https:\/\/test.instytutdidaskalos.pl\/index.php?rest_route=\/wp\/v2\/users\/1"}],"replies":[{"embeddable":true,"href":"https:\/\/test.instytutdidaskalos.pl\/index.php?rest_route=%2Fwp%2Fv2%2Fcomments&post=4858"}],"version-history":[{"count":0,"href":"https:\/\/test.instytutdidaskalos.pl\/index.php?rest_route=\/wp\/v2\/posts\/4858\/revisions"}],"wp:featuredmedia":[{"embeddable":true,"href":"https:\/\/test.instytutdidaskalos.pl\/index.php?rest_route=\/"}],"wp:attachment":[{"href":"https:\/\/test.instytutdidaskalos.pl\/index.php?rest_route=%2Fwp%2Fv2%2Fmedia&parent=4858"}],"wp:term":[{"taxonomy":"category","embeddable":true,"href":"https:\/\/test.instytutdidaskalos.pl\/index.php?rest_route=%2Fwp%2Fv2%2Fcategories&post=4858"},{"taxonomy":"post_tag","embeddable":true,"href":"https:\/\/test.instytutdidaskalos.pl\/index.php?rest_route=%2Fwp%2Fv2%2Ftags&post=4858"}],"curies":[{"name":"wp","href":"https:\/\/api.w.org\/{rel}","templated":true}]}}