{"id":3705,"date":"2013-07-31T21:14:09","date_gmt":"2013-07-31T21:14:09","guid":{"rendered":"http:\/\/uczniostwo.czasnawzrost.pl\/?p=1270"},"modified":"2013-07-31T21:14:09","modified_gmt":"2013-07-31T21:14:09","slug":"o-czasach-w-ktorych-malzonka-myli-sie-z-telewizorem","status":"publish","type":"post","link":"https:\/\/test.instytutdidaskalos.pl\/?p=3705","title":{"rendered":"O czasach, w kt\u00f3rych ma\u0142\u017conka myli si\u0119 z telewizorem"},"content":{"rendered":"<p>Wczoraj spotka\u0142em si\u0119 ze swoim znajomym z m\u0142odo\u015bci. Zacz\u0119li\u015bmy od zwyczajowego:<\/p>\n<p>&#8211; Co u ciebie s\u0142ycha\u0107?<\/p>\n<p>Rozmowa zesz\u0142a na ma\u0142\u017ce\u0144stwo. Nagle z powierzchownej wymiany zda\u0144, zacz\u0119li\u015bmy rozmawia\u0107 na bardzo osobistym poziomie. W pewnym momencie powiedzia\u0142:<\/p>\n<p>&#8211; Za rok b\u0119dziemy z \u017con\u0105 obchodzi\u0107 25-lecie naszego ma\u0142\u017ce\u0144stwa. Przez pierwsze lata by\u0142em z\u0142ym m\u0119\u017cem. Nie by\u0142em odpowiedzialny. Nie szanowa\u0142em \u017cony. By\u0142em dla niej przykry. By\u0142em skupiony na sobie. Rzadko zaspakaja\u0142em jej potrzeby. Ona przy mnie dojrzewa\u0142a przez te lata jako kobieta, ale ja nie by\u0142em dla niej dobrym oparciem. Nie tworzy\u0142em domu, kt\u00f3ry by\u0142by dla niej odpowiednim \u015brodowiskiem dla jej rozwoju, jako kobiety, \u017cony i matki.<\/p>\n<p>Dopiero z czasem to zrozumia\u0142em i zacz\u0105\u0142em pracowa\u0107 nad sob\u0105. Szkoda, \u017ce by\u0142o to w momencie, kiedy nasze ma\u0142\u017ce\u0144stwo zawis\u0142o na w\u0142osku. Ale uda\u0142o nam si\u0119 przezwyci\u0119\u017cy\u0107 nasze problemy i dzisiaj jeste\u015bmy szcz\u0119\u015bliwym ma\u0142\u017ce\u0144stwem. Ostatnie lata s\u0105 naszymi najlepszymi.<\/p>\n<p>&#8211; W dzisiejszych czasach \u2013 powiedzia\u0142em \u2013 wielkim osi\u0105gni\u0119ciem jest, gdy cz\u0142owiek utrzyma rodzin\u0119. Nie tak wiele w \u017cyciu osi\u0105gn\u0105\u0142em, ale mam \u017con\u0119 i tr\u00f3jk\u0119 dzieci, w miar\u0119 szcz\u0119\u015bliw\u0105 rodzin\u0119. Dla wielu ludzi w moim wieku to tylko marzenie. Chcieliby to mie\u0107. Tak du\u017co rodzin si\u0119 rozpad\u0142o, tyle w tej chwili si\u0119 rozpada\u2026<\/p>\n<p>&#8211; To prawda. Sam ostatnio obserwowa\u0142em cztery pary znajomych, kt\u00f3re si\u0119 rozwodzi\u0142y. Ale to wszystko dlatego, \u017ce dzisiaj ma\u0142\u017conka traktuje si\u0119 jak telewizor.<\/p>\n<p>&#8211; Jak telewizor? \u2013 powt\u00f3rzy\u0142em za nim, my\u015bl\u0105c \u017ce si\u0119 przes\u0142ysza\u0142em.<\/p>\n<p>&#8211; Tak, jak telewizor \u2013 potwierdzi\u0142. &#8211; Pami\u0119tasz jak to by\u0142o kiedy\u015b z telewizorami w naszym dzieci\u0144stwie? Gdy si\u0119 psu\u0142y, to si\u0119 je naprawia\u0142o. A dzisiaj? Gdy teraz psuje si\u0119 telewizor, to si\u0119 go z\u0142omuje i idzie kupi\u0107 nowy. W taki spos\u00f3b wielu ludzi podchodzi do ma\u0142\u017ce\u0144stwa \u2013 gdy co\u015b si\u0119 psuje, to zamiast zaj\u0105\u0107 si\u0119 jego napraw\u0105, ko\u0144cz\u0105 je i rozgl\u0105daj\u0105 si\u0119 za kim\u015b nowym, za nowym zwi\u0105zkiem.<\/p>\n<p>Ostatnio rozmawia\u0142em z m\u0119\u017cczyzn\u0105, kt\u00f3ry po roku ma\u0142\u017ce\u0144stwa rozwodzi si\u0119. Po roku? Co takiego mog\u0142o wydarzy\u0107 si\u0119 podczas pierwszego roku zwi\u0105zku ma\u0142\u017ce\u0144skiego? Gdy zapyta\u0142em go o pow\u00f3d, zasypa\u0142 mnie list\u0105 \u015bmiesznych wym\u00f3wek. By\u0142em naprawd\u0119 zdumiony. Tam nie by\u0142o nawet zdrady, nie zostali przez \u017cycie wypr\u00f3bowani w okrutny spos\u00f3b, nie zderzyli si\u0119 z chorob\u0105, nie by\u0142o \u017cadnego na\u0142ogu, po prostu stwierdzili, \u017ce nadszed\u0142 czas na zmian\u0119 modelu (tj. ma\u0142\u017conka), bo ten, kt\u00f3rego posiadali nie odpowiada\u0142 im. Tak jakby ma\u0142\u017conek by\u0142 telewizorem, kt\u00f3ry mo\u017cna wyz\u0142omowa\u0107 i zast\u0105pi\u0107 drugim.<\/p>\n<h3>Dwie istotne my\u015bli<\/h3>\n<p>S\u0142uchaj\u0105c swojego znajomego, zwr\u00f3ci\u0142em uwag\u0119 na dwa wa\u017cne spostrze\u017cenia odno\u015bnie ma\u0142\u017ce\u0144stwa.<em>&nbsp; &nbsp;<\/em><\/p>\n<ol>\n<li>Gdy ma\u0142\u017ce\u0144stwo zaczyna si\u0119 psu\u0107, to nie znaczy, \u017ce nale\u017cy je zako\u0144czy\u0107, wr\u0119cz przeciwnie \u2013 to jest czas, kiedy nale\u017cy pracowa\u0107, aby je naprawi\u0107, zaczynaj\u0105c od siebie.<\/li>\n<\/ol>\n<ol start=\"2\">\n<li>Tw\u00f3j ma\u0142\u017conek to nie telewizor. Je\u015bli nie spe\u0142nia Twoich oczekiwa\u0144, to nie znaczy, \u017ce powiniene\u015b go <em>wyz\u0142omowa\u0107<\/em> i szuka\u0107 nowego modelu.<\/li>\n<\/ol>\n<p>Ma\u0142\u017ce\u0144stwo i rodzina powinny by\u0107 dla nas warto\u015bciami. Nasi najbli\u017csi to nie tanie sprz\u0119ty RTV, kt\u00f3re mo\u017cna wyrzuci\u0107 z naszego \u017cycia i zast\u0105pi\u0107 nowymi. Oni s\u0105 naszym skarbem, o kt\u00f3ry powinni\u015bmy si\u0119 troszczy\u0107.<\/p>\n<h3>Zapami\u0119taj<\/h3>\n<p>Nie myl swojego ma\u0142\u017conka z telewizorem. Gdy ma\u0142\u017ce\u0144stwo zaczyna si\u0119 psu\u0107, to nie jest czas, aby je zako\u0144czy\u0107, ale aby nad nim pracowa\u0107 i naprawi\u0107 je, zaczynaj\u0105c prac\u0119 od siebie.<\/p>\n<h3>Zastan\u00f3w si\u0119<\/h3>\n<ul>\n<li>Czy wasz zwi\u0105zek ma\u0142\u017ce\u0144ski si\u0119 psuje? Czy macie jakie\u015b k\u0142opoty?<\/li>\n<li>Czy rozwa\u017casz rozstanie ze swoim partnerem, aby spr\u00f3bowa\u0107 jeszcze raz <em>od czystej karty<\/em>?<\/li>\n<li>Czy w zwi\u0105zku z innym cz\u0142owiekiem by\u0142oby ci lepiej?<\/li>\n<li>Je\u015bli macie jakie\u015b problemy, to czy rozwa\u017ca\u0142e\u015b kiedy\u015b prac\u0119 nad ich rozwi\u0105zaniem? Co mog\u0142oby by\u0107 zrobione, aby te problemy by\u0142y rozwi\u0105zane?<\/li>\n<\/ul>\n<p>Photo credit: <a href=\"http:\/\/commons.wikimedia.org\/wiki\/File:Televison_Hungarian_ORION_1957.jpg?uselang=pl\">Wikimedia Commons<\/a><\/p>\n","protected":false},"excerpt":{"rendered":"<p>Wczoraj spotka\u0142em si\u0119 ze swoim znajomym z m\u0142odo\u015bci. Zacz\u0119li\u015bmy od zwyczajowego: &#8211; Co u ciebie s\u0142ycha\u0107? Rozmowa zesz\u0142a na ma\u0142\u017ce\u0144stwo. Nagle z powierzchownej wymiany zda\u0144, zacz\u0119li\u015bmy rozmawia\u0107 na bardzo osobistym poziomie. W pewnym momencie powiedzia\u0142: &#8211; Za rok b\u0119dziemy z \u017con\u0105 obchodzi\u0107 25-lecie naszego ma\u0142\u017ce\u0144stwa. Przez pierwsze lata by\u0142em z\u0142ym m\u0119\u017cem. Nie by\u0142em odpowiedzialny. Nie [&hellip;]<\/p>\n","protected":false},"author":1,"featured_media":3682,"comment_status":"open","ping_status":"open","sticky":false,"template":"","format":"image","meta":{"_et_pb_use_builder":"","_et_pb_old_content":"","_et_gb_content_width":"","ngg_post_thumbnail":0},"categories":[150,151,59],"tags":[40,512,366,47,513,53,514],"jetpack_featured_media_url":"","_links":{"self":[{"href":"https:\/\/test.instytutdidaskalos.pl\/index.php?rest_route=\/wp\/v2\/posts\/3705"}],"collection":[{"href":"https:\/\/test.instytutdidaskalos.pl\/index.php?rest_route=\/wp\/v2\/posts"}],"about":[{"href":"https:\/\/test.instytutdidaskalos.pl\/index.php?rest_route=\/wp\/v2\/types\/post"}],"author":[{"embeddable":true,"href":"https:\/\/test.instytutdidaskalos.pl\/index.php?rest_route=\/wp\/v2\/users\/1"}],"replies":[{"embeddable":true,"href":"https:\/\/test.instytutdidaskalos.pl\/index.php?rest_route=%2Fwp%2Fv2%2Fcomments&post=3705"}],"version-history":[{"count":0,"href":"https:\/\/test.instytutdidaskalos.pl\/index.php?rest_route=\/wp\/v2\/posts\/3705\/revisions"}],"wp:featuredmedia":[{"embeddable":true,"href":"https:\/\/test.instytutdidaskalos.pl\/index.php?rest_route=\/"}],"wp:attachment":[{"href":"https:\/\/test.instytutdidaskalos.pl\/index.php?rest_route=%2Fwp%2Fv2%2Fmedia&parent=3705"}],"wp:term":[{"taxonomy":"category","embeddable":true,"href":"https:\/\/test.instytutdidaskalos.pl\/index.php?rest_route=%2Fwp%2Fv2%2Fcategories&post=3705"},{"taxonomy":"post_tag","embeddable":true,"href":"https:\/\/test.instytutdidaskalos.pl\/index.php?rest_route=%2Fwp%2Fv2%2Ftags&post=3705"}],"curies":[{"name":"wp","href":"https:\/\/api.w.org\/{rel}","templated":true}]}}