{"id":3704,"date":"2013-07-22T18:32:32","date_gmt":"2013-07-22T18:32:32","guid":{"rendered":"http:\/\/uczniostwo.czasnawzrost.pl\/?p=1254"},"modified":"2013-07-22T18:32:32","modified_gmt":"2013-07-22T18:32:32","slug":"chodzenie-w-duchu-swietym-cz-2-wywiad-z-biskupem-markiem-kaminskim","status":"publish","type":"post","link":"https:\/\/test.instytutdidaskalos.pl\/?p=3704","title":{"rendered":"Chodzenie w Duchu \u015awi\u0119tym, cz. 2 &#8211; Wywiad z biskupem Markiem Kami\u0144skim"},"content":{"rendered":"<p><iframe loading=\"lazy\" src=\"\/\/www.youtube.com\/embed\/mG-liTSI6FE?rel=0\" height=\"360\" width=\"640\" allowfullscreen=\"\" frameborder=\"0\"><\/iframe><\/p>\n<p>Niedawno opublikowali\u015bmy <a href=\"http:\/\/uczniostwo.czasnawzrost.pl\/2013\/06\/chodzenie-w-duchu-swietym-cz-1-wywiad-z-biskupem-markiem-kaminskim\/\">pierwsz\u0105 cz\u0119\u015b\u0107 wywiadu z bp Markiem Kami\u0144skim<\/a> na teamt chodzenia w Duchu \u015awi\u0119tym. Dzisiaj publikujemy dalsz\u0105 cz\u0119\u015b\u0107 rozmowy.<\/p>\n<p><b>Andrzej Mytych: Co to znaczy chodzi\u0107 w Duchu? <\/b><\/p>\n<p>Marek Kami\u0144ski: Przede wszystkim u\u015bwiadomi\u0107 sobie, \u017ce gdzie\u015b we mnie, wok\u00f3\u0142 mnie, przy mnie, jakkolwiek chcemy to nazwa\u0107 jest Osoba, kt\u00f3ra nas kocha, my\u015bli, czuje i jest gotowa nam pomaga\u0107, jest gotowa zrobi\u0107 wszystko \u017ceby nasze \u017cycie mia\u0142o sens, tre\u015b\u0107, a tak\u017ce przynios\u0142o owoc.<\/p>\n<p><!--more--><\/p>\n<p>Jest B\u00f3g, kt\u00f3ry jest ze mn\u0105, nie jestem sierot\u0105. Nie jest tak, \u017ce m\u00f3j Ojciec jest gdzie\u015b daleko w niebie, a tutaj ja sam jeden bezsilny, z wielkimi trudami musz\u0119 sobie poradzi\u0107.<\/p>\n<blockquote><p>B\u00f3g jest ze mn\u0105, Duch \u015awi\u0119ty jest obecny przy mnie zawsze wtedy, kiedy upadam i grzesz\u0119 oraz wtedy, kiedy robi\u0119 co\u015b dobrego.<\/p><\/blockquote>\n<p>Teraz pytanie brzmi, czy jestem gotowy, aby si\u0119 do Niego przystosowa\u0107, \u017ceby poda\u0107 Mu swoj\u0105 d\u0142o\u0144 i powiedzie\u0107, \u017ce ja jestem cz\u0142owiekiem, a On Bogiem i zgodzi\u0107 si\u0119, aby mnie prowadzi\u0142 i podpowiada\u0142, jak post\u0119powa\u0107. Oczywi\u015bcie to nie musi dotyczy\u0107 zwyk\u0142ych, prostych sytuacji \u017cyciowych, ale my\u015bl\u0119, \u017ce je\u017celi chodzi o nasz\u0105 s\u0142u\u017cb\u0119, k\u0142opoty, troski, owocne \u017cycie dla Boga, chodzenie w Duchu \u015awi\u0119tym musi oznacza\u0107 przystosowanie si\u0119 do Niego, do Jego dr\u00f3g.<\/p>\n<p>Sp\u0119dzam czas z Bogiem, \u017ceby namaszcza\u0142 mnie, \u017ceby obecno\u015b\u0107 Ducha \u015awi\u0119tego przez moje \u017cycie mog\u0142a si\u0119 eksponowa\u0107. To jest bardzo proste w sensie zrozumienia, co nie znaczy, \u017ce \u0142atwe w wykonaniu, ale mo\u017cliwe dla ka\u017cdego.<\/p>\n<p><b>AM: My\u015bl\u0119, \u017ce wi\u0119kszo\u015b\u0107 ludzi, kt\u00f3rzy czytaj\u0105 wywiad, zadaj\u0105 sobie pytanie: Co nale\u017cy zrobi\u0107, aby pog\u0142\u0119bi\u0107 swoj\u0105 duchowo\u015b\u0107? Jak biskup odpowiedzia\u0142by na to pytanie? <\/b><\/p>\n<p><a href=\"http:\/\/instytutdidaskalos.pl\/wp-content\/uploads\/2013\/07\/bp_Marek_Kamnski_Kar\u0142owice_2013.png\"><img decoding=\"async\" loading=\"lazy\" class=\"alignright size-medium wp-image-3680\" alt=\"bp_Marek_Kamnski_Kar\u0142owice_2013\" src=\"http:\/\/instytutdidaskalos.pl\/wp-content\/uploads\/2013\/07\/bp_Marek_Kamnski_Kar\u0142owice_2013-300x151.png\" width=\"300\" height=\"151\" \/><\/a>MK: Odpowied\u017a jest bardzo prosta. Ciesz\u0119 si\u0119, \u017ce B\u00f3g nie daje nam rzeczy, kt\u00f3re by\u0142yby zbyt skomplikowane, bo w\u00f3wczas by\u0142yby tylko dla niekt\u00f3rych, dla wybra\u0144c\u00f3w.<\/p>\n<p>My\u015bl\u0119, \u017ce powinni\u015bmy mie\u0107 w\u0142a\u015bciw\u0105 relacj\u0119 ze zborem. Nale\u017cy by\u0107 cz\u0142owiekiem, kt\u00f3ry wnosi rado\u015b\u0107, swoj\u0105 obecno\u015bci\u0105, dobre nastawienie do zboru, buduje t\u0119 spo\u0142eczno\u015b\u0107. Sugerowa\u0142bym, \u017ceby zawsze ubra\u0107 si\u0119 na nabo\u017ce\u0144stwo w u\u015bmiech. Ko\u015bci\u00f3\u0142 ustawicznie ma jakie\u015b problemy, to jak w ka\u017cdej rodzinie, s\u0105 fantastyczne rzeczy, ale r\u00f3wnie\u017c problemy. Zb\u00f3r ma by\u0107 miejscem pozytywnym, buduj\u0105cym, a nie miejscem niezadowolenia. Sugeruj\u0119, aby znale\u017a\u0107 dla siebie miejsce w lokalnym zborze i tam budowa\u0107 spo\u0142eczno\u015b\u0107, zaanga\u017cowa\u0107 si\u0119 w s\u0142u\u017cb\u0119, nauczy\u0107 si\u0119 sp\u0119dza\u0107 czas z Bogiem.<\/p>\n<p>Kiedy sp\u0119dzam czas z Bogiem, uwielbiaj\u0105c Go, wyznaj\u0119 Jezusa Panem, tylko dlatego, \u017ce Duch \u015awi\u0119ty czyni to we mnie. Mog\u0119 \u015bpiewa\u0107, modli\u0107 si\u0119 rozumem i j\u0119zykami, wywy\u017csza\u0107 Go, a tak\u017ce m\u00f3wi\u0107 o rzeczach, kt\u00f3re dziej\u0105 si\u0119 w moim \u017cyciu, prosi\u0107, aby Duch \u015awi\u0119ty dzia\u0142a\u0142 we mnie.<\/p>\n<p>S\u0142owo Bo\u017ce jest natchnione przez Ducha \u015awi\u0119tego, wi\u0119c kiedy z otwartym sercem czytamy, czasem dotyka nas bardzo, czasem nic nie czujemy. Je\u015bli chcesz by\u0107 w ko\u015bciele i budowa\u0107 go, sp\u0119dzaj czas z Bogiem, a wtedy \u0142aska Bo\u017ca b\u0119dzie nas dotyka\u0107. To jest proste w zrozumieniu i wyt\u0142umaczeniu, natomiast wymaga dyscypliny i poddania si\u0119.<\/p>\n<p><b>AM: Mam jeszcze pytanie odno\u015bnie namaszczenia. Co to jest namaszczenie? Do czego ono jest potrzebne? Co zrobi\u0107, aby pog\u0142\u0119bi\u0107 swoje namaszczenie?<\/b><\/p>\n<p>MK: Najog\u00f3lniej powiedzia\u0142bym, \u017ce namaszczenie to termin chrze\u015bcija\u0144ski, kt\u00f3ry sugeruje, \u017ce na kogo\u015b zosta\u0142 wylany olej, kojarzy si\u0119 z wys\u0142aniem tego cz\u0142owieka do s\u0142u\u017cby. W starym Testamencie to byli kap\u0142ani, kr\u00f3lowie. Nowy Testament m\u00f3wi o powszechnym kap\u0142a\u0144stwie, powszechnym namaszczeniu Ducha \u015awi\u0119tego.<\/p>\n<p>Po pierwsze oznacza to, \u017ce B\u00f3g wybiera nas do jakiej\u015b s\u0142u\u017cby, do jakiego\u015b dzie\u0142a.<\/p>\n<p>Po drugie Duch \u015awi\u0119ty zaczyna nas u\u017cywa\u0107 w s\u0142u\u017cbie, w jakiej\u015b dziedzinie naszego \u017cycia. To On dzia\u0142a, a my jeste\u015bmy Jego narz\u0119dziem, On m\u00f3wi przez nasze usta, u\u017cywaj\u0105c naszego rozumu. To, co wypowiadamy jest raczej g\u0142osem Ducha \u015awi\u0119tego, ni\u017c nasz\u0105 refleksj\u0105 czy my\u015bleniem.<\/p>\n<blockquote><p>Namaszczenie to dzia\u0142anie Ducha \u015awi\u0119tego, poprzez \u017cycie cz\u0142owieka.<\/p><\/blockquote>\n<p><b>AM: Co trzeba uczyni\u0107, \u017ceby pog\u0142\u0119bi\u0107 swoje namaszczenie?<\/b><\/p>\n<p>MK: Jak ju\u017c powiedzia\u0142em wcze\u015bniej, nale\u017cy by\u0107 w zborze, stara\u0107 si\u0119 s\u0142u\u017cy\u0107, sp\u0119dza\u0107 czas z Bogiem i podporz\u0105dkowa\u0107 si\u0119 Bogu. Czasem mo\u017ce by\u0107 tak, \u017ce podporz\u0105dkowujemy si\u0119 wersetowi z Biblii, kt\u00f3ry m\u00f3wi np. nie k\u0142am. Czytaj\u0105c S\u0142owo dochodzimy do wniosku, \u017ce b\u0119dziemy m\u00f3wili zawsze prawd\u0119.<\/p>\n<p>My\u015bl\u0119 tu te\u017c o takim podporz\u0105dkowaniu, \u017ce kiedy mamy g\u0142osi\u0107, czytamy S\u0142owo Bo\u017ce i prosimy Boga o to, co mamy m\u00f3wi\u0107. Nagle wpada nam my\u015bl do g\u0142owy i zaczynamy tworzy\u0107 kazanie. Okazuje si\u0119, \u017ce kogo\u015b ono dotkn\u0119\u0142o.<\/p>\n<p>Je\u017celi dotyczy to ewangelizacji, czujemy silne pragnienie, \u017ceby komu\u015b powiedzie\u0107 o Jezusie.<\/p>\n<p>Kiedy poddamy si\u0119, po jakim\u015b czasie widzimy, \u017ce to nie my, tylko Duch \u015awi\u0119ty. To nie musz\u0105 by\u0107 bardzo wznios\u0142e rzeczy, ale B\u00f3g daje nam impulsy, \u017ce chce nas do czego\u015b u\u017cy\u0107. Wa\u017cne jest to, \u017ceby\u015bmy byli we w\u0142a\u015bciwym dla siebie \u015brodowisku, w zborze, w s\u0142u\u017cbie, w sp\u0119dzaniu czasu z Bogiem, a reszt\u0119 Pan B\u00f3g zrobi, o to nie trzeba si\u0119 martwi\u0107.<\/p>\n<p><b>AM: Dzi\u0119kuj\u0119 za rozmow\u0119.\u00a0<\/b><\/p>\n","protected":false},"excerpt":{"rendered":"<p>Niedawno opublikowali\u015bmy pierwsz\u0105 cz\u0119\u015b\u0107 wywiadu z bp Markiem Kami\u0144skim na teamt chodzenia w Duchu \u015awi\u0119tym. Dzisiaj publikujemy dalsz\u0105 cz\u0119\u015b\u0107 rozmowy. Andrzej Mytych: Co to znaczy chodzi\u0107 w Duchu? Marek Kami\u0144ski: Przede wszystkim u\u015bwiadomi\u0107 sobie, \u017ce gdzie\u015b we mnie, wok\u00f3\u0142 mnie, przy mnie, jakkolwiek chcemy to nazwa\u0107 jest Osoba, kt\u00f3ra nas kocha, my\u015bli, czuje i jest [&hellip;]<\/p>\n","protected":false},"author":1,"featured_media":5578,"comment_status":"open","ping_status":"open","sticky":false,"template":"","format":"video","meta":{"_et_pb_use_builder":"","_et_pb_old_content":"","_et_gb_content_width":"","ngg_post_thumbnail":0},"categories":[158,176,177,126],"tags":[16,509,370,295,37,447,510,511,239],"jetpack_featured_media_url":"","_links":{"self":[{"href":"https:\/\/test.instytutdidaskalos.pl\/index.php?rest_route=\/wp\/v2\/posts\/3704"}],"collection":[{"href":"https:\/\/test.instytutdidaskalos.pl\/index.php?rest_route=\/wp\/v2\/posts"}],"about":[{"href":"https:\/\/test.instytutdidaskalos.pl\/index.php?rest_route=\/wp\/v2\/types\/post"}],"author":[{"embeddable":true,"href":"https:\/\/test.instytutdidaskalos.pl\/index.php?rest_route=\/wp\/v2\/users\/1"}],"replies":[{"embeddable":true,"href":"https:\/\/test.instytutdidaskalos.pl\/index.php?rest_route=%2Fwp%2Fv2%2Fcomments&post=3704"}],"version-history":[{"count":0,"href":"https:\/\/test.instytutdidaskalos.pl\/index.php?rest_route=\/wp\/v2\/posts\/3704\/revisions"}],"wp:featuredmedia":[{"embeddable":true,"href":"https:\/\/test.instytutdidaskalos.pl\/index.php?rest_route=\/"}],"wp:attachment":[{"href":"https:\/\/test.instytutdidaskalos.pl\/index.php?rest_route=%2Fwp%2Fv2%2Fmedia&parent=3704"}],"wp:term":[{"taxonomy":"category","embeddable":true,"href":"https:\/\/test.instytutdidaskalos.pl\/index.php?rest_route=%2Fwp%2Fv2%2Fcategories&post=3704"},{"taxonomy":"post_tag","embeddable":true,"href":"https:\/\/test.instytutdidaskalos.pl\/index.php?rest_route=%2Fwp%2Fv2%2Ftags&post=3704"}],"curies":[{"name":"wp","href":"https:\/\/api.w.org\/{rel}","templated":true}]}}