{"id":3632,"date":"2013-05-06T20:11:14","date_gmt":"2013-05-06T20:11:14","guid":{"rendered":"http:\/\/inspiracje.czasnawzrost.pl\/?p=2554"},"modified":"2013-05-06T20:11:14","modified_gmt":"2013-05-06T20:11:14","slug":"jakie-jest-twoje-przeznaczenie","status":"publish","type":"post","link":"https:\/\/test.instytutdidaskalos.pl\/?p=3632","title":{"rendered":"Jakie jest Twoje przeznaczenie?"},"content":{"rendered":"<p>Niedawno opublikowa\u0142em wpis zatytu\u0142owany: <a href=\"http:\/\/instytutdidaskalos.pl\/rozwoj-osobisty\/czy-istnieje-przeznaczenie\">\u201eCzy istnieje przeznaczenie?\u201d<\/a>. W tym tek\u015bcie chcia\u0142bym zada\u0107 bardziej osobiste pytanie: \u201eJakie jest Twoje przeznaczenie?\u201d.<\/p>\n<p>Jednak zanim dotkn\u0119 tego tematu, chcia\u0142bym opowiedzie\u0107 Ci o moich nietypowych do\u015bwiadczeniach zwi\u0105zanych z tym zagadnieniem.<\/p>\n<h3>Jak odkrywa\u0142em swoje przeznaczenie?<\/h3>\n<p>Osobi\u015bcie uwa\u017cam, \u017ce nad \u017cyciem cz\u0142owieka jest przeznaczenie, nie jest ono jednak fatalistyczne. Mo\u017cemy je przyj\u0105\u0107, albo odrzuci\u0107.<\/p>\n<p>Gdy mia\u0142em siedemna\u015bcie lat, chodzi\u0142em do zawod\u00f3wki kolejowej. Nie uczy\u0142em si\u0119, nie mia\u0142em ambicji, \u017cy\u0142em z dnia na dzie\u0144. W pewnym momencie pojawi\u0142a si\u0119 u mnie nietypowa potrzeba. Pami\u0119tam jak kt\u00f3rego\u015b dnia powiedzia\u0142em mojemu przyjacielowi:<\/p>\n<p><!--more--><\/p>\n<p>&#8211; S\u0142uchaj Olek, jak b\u0119d\u0119 starszy, to przeprowadz\u0119 si\u0119 do jakiego\u015b kraju by\u0142ego Zwi\u0105zku Radzieckiego i b\u0119d\u0119 tam \u017cy\u0142 na jakim\u015b blokowisku.<\/p>\n<p>Mia\u0142em nawet wizj\u0119 bloku, w kt\u00f3rym b\u0119d\u0119 mieszka\u0142.<\/p>\n<p>Sk\u0105d mi si\u0119 to wzi\u0119\u0142o? Poj\u0119cia nie mam. Nienawidzi\u0142em wtedy j\u0119zyka rosyjskiego. Nie czyta\u0142em \u017cadnej literatury na temat Zwi\u0105zku Radzieckiego, nie ogl\u0105da\u0142em film\u00f3w, nikogo tam nie zna\u0142em\u2026 A jednak, z jakiego\u015b powodu \u017cywi\u0142em silne przekonanie, \u017ce powinienem tam zamieszka\u0107. To by\u0142o zupe\u0142nie irracjonalne. Sk\u0105d u niewykszta\u0142conego, m\u0142odego robotnika kolejowego takie nietypowe marzenia?<\/p>\n<p>W wieku 20 lat nawr\u00f3ci\u0142em si\u0119, a kilka miesi\u0119cy p\u00f3\u017aniej B\u00f3g powo\u0142a\u0142 mnie na misje. Bardzo chcia\u0142em pojecha\u0107 do Indii, albo Azji Centralnej. Pami\u0119tam, jak kiedy\u015b powiedzia\u0142em Bogu, \u017ce mog\u0119 pojecha\u0107 wsz\u0119dzie, byle tylko nie na Ukrain\u0119 i nie na Bia\u0142oru\u015b. Z jakiego\u015b bli\u017cej nieokre\u015blonego powodu nie chcia\u0142em s\u0142u\u017cy\u0107 w\u0142a\u015bnie w tych krajach.<\/p>\n<p>Najpierw, przez 15 miesi\u0119cy, \u017cy\u0142em z \u017con\u0105 na Ukrainie, a potem przez 3 lata na Bia\u0142orusi.<\/p>\n<p>Pami\u0119tam, jak kt\u00f3rego\u015b dnia, gdy patrzy\u0142em si\u0119 na blok, w kt\u00f3rym mieszka\u0142em w Mi\u0144sku, u\u015bwiadomi\u0142em sobie, \u017ce jest to ten blok z wizji, kt\u00f3r\u0105 mia\u0142em w wieku 17 lat, zanim jeszcze si\u0119 nawr\u00f3ci\u0142em.<\/p>\n<h3>Rosyjskoj\u0119zyczni s\u0105 moim przeznaczeniem<\/h3>\n<p>Dzisiaj mieszkam w Polsce, ale nadal pracuj\u0119 z lud\u017ami rosyjskoj\u0119zycznymi. Spotykam si\u0119 z nimi za wschodni\u0105 granic\u0105, albo przyje\u017cd\u017caj\u0105 do mnie do Polski. Nie szukam tych mo\u017cliwo\u015bci \u2013 one same do mnie przychodz\u0105. Dzieje si\u0119 to tak, jakby by\u0142o czym\u015b naturalnym.<\/p>\n<p>Nie chcia\u0142em pracowa\u0107 na Bia\u0142orusi i Ukrainie, ale dzisiaj wiem, \u017ce kraje te by\u0142y moim przeznaczeniem.<\/p>\n<p>Jestem cz\u0142owiekiem spe\u0142nionym i szcz\u0119\u015bliwym, bo odkry\u0142em swoje przeznaczenie, rozpozna\u0142em je, zaakceptowa\u0142em i ruszy\u0142em w jego kierunku.<\/p>\n<p>Moje dotychczasowe \u017cycie nie by\u0142o \u0142atwe, ale wysi\u0142ki, kt\u00f3re podj\u0105\u0142em, aby po\u0142\u0105czy\u0107 si\u0119 ze swoim przeznaczeniem niezwykle mnie ubogaci\u0142y i nada\u0142y mojemu \u017cyciu g\u0142\u0119bi\u0119, kt\u00f3rej nawet si\u0119 nie spodziewa\u0142em.<\/p>\n<p>Mog\u0142em mojemu przeznaczeniu powiedzie\u0107 NIE, ale wtedy by\u0142bym zaledwie cieniem tego cz\u0142owieka, kt\u00f3rym jestem dzisiaj.<\/p>\n<h3>Jakie jest Twoje przeznaczenie?<\/h3>\n<p><a href=\"http:\/\/instytutdidaskalos.pl\/wp-content\/uploads\/2017\/08\/IMG_1663_ijnji.jpg\"><img decoding=\"async\" loading=\"lazy\" class=\"aligncenter size-full wp-image-9581\" src=\"http:\/\/instytutdidaskalos.pl\/wp-content\/uploads\/2017\/08\/IMG_1663_ijnji.jpg\" alt=\"IMG_1663_ijnji\" width=\"800\" height=\"533\"><\/a>To by\u0142oby \u015bwietnie, je\u015bli m\u00f3g\u0142by\u015b wej\u015b\u0107 na blog jakiego\u015b blogera i zapozna\u0107 si\u0119 tam ze swoim przeznaczeniem, ale zdajesz sobie oczywi\u015bcie z tego spraw\u0119, \u017ce to nie jest takie proste. Ja nie wiem, jakie jest Twoje przeznaczenie, ale tak naprawd\u0119 nie chodzi tu o to, czy ja je znam, ale czy Ty je znasz?<\/p>\n<blockquote><p>Czy znasz swoje przeznaczenie?<\/p><\/blockquote>\n<p>Powiem Ci jednak, o czym jestem przekonany:<\/p>\n<ul>\n<li>Twoje \u017cycie ma sens.<\/li>\n<li>Masz wa\u017cn\u0105 misj\u0119 do spe\u0142nienia.<\/li>\n<li>Nad Twoim \u017cyciem jest dobre przeznaczenie, kt\u00f3re powiniene\u015b odkry\u0107.<\/li>\n<li>Nawet je\u015bli Twoje \u017cycie do tego momentu by\u0142o tragedi\u0105, to wszystko mo\u017ce si\u0119 zmieni\u0107 na lepsze.<\/li>\n<\/ul>\n<h3>Praktyczne zastosowanie<\/h3>\n<p>Zatrzymaj si\u0119 i zadaj sobie wa\u017cne pytanie:<\/p>\n<blockquote><p>Jakie jest moje przeznaczenie? Po co \u017cyj\u0119 na tej ziemi?<br \/>\nCo mnie przyzywa? Do czego pasuj\u0119? Gdzie nale\u017c\u0119?<\/p><\/blockquote>\n<p>Photo credit: \u00a9 Dorota Mytych<\/p>\n","protected":false},"excerpt":{"rendered":"<p>Niedawno opublikowa\u0142em wpis zatytu\u0142owany: \u201eCzy istnieje przeznaczenie?\u201d. W tym tek\u015bcie chcia\u0142bym zada\u0107 bardziej osobiste pytanie: \u201eJakie jest Twoje przeznaczenie?\u201d. Jednak zanim dotkn\u0119 tego tematu, chcia\u0142bym opowiedzie\u0107 Ci o moich nietypowych do\u015bwiadczeniach zwi\u0105zanych z tym zagadnieniem. Jak odkrywa\u0142em swoje przeznaczenie? Osobi\u015bcie uwa\u017cam, \u017ce nad \u017cyciem cz\u0142owieka jest przeznaczenie, nie jest ono jednak fatalistyczne. Mo\u017cemy je przyj\u0105\u0107, [&hellip;]<\/p>\n","protected":false},"author":1,"featured_media":9581,"comment_status":"open","ping_status":"open","sticky":false,"template":"","format":"image","meta":{"_et_pb_use_builder":"","_et_pb_old_content":"","_et_gb_content_width":"","ngg_post_thumbnail":0},"categories":[158,10,103,163,12,126,15],"tags":[313,494,280,9,495,239],"jetpack_featured_media_url":"","_links":{"self":[{"href":"https:\/\/test.instytutdidaskalos.pl\/index.php?rest_route=\/wp\/v2\/posts\/3632"}],"collection":[{"href":"https:\/\/test.instytutdidaskalos.pl\/index.php?rest_route=\/wp\/v2\/posts"}],"about":[{"href":"https:\/\/test.instytutdidaskalos.pl\/index.php?rest_route=\/wp\/v2\/types\/post"}],"author":[{"embeddable":true,"href":"https:\/\/test.instytutdidaskalos.pl\/index.php?rest_route=\/wp\/v2\/users\/1"}],"replies":[{"embeddable":true,"href":"https:\/\/test.instytutdidaskalos.pl\/index.php?rest_route=%2Fwp%2Fv2%2Fcomments&post=3632"}],"version-history":[{"count":0,"href":"https:\/\/test.instytutdidaskalos.pl\/index.php?rest_route=\/wp\/v2\/posts\/3632\/revisions"}],"wp:featuredmedia":[{"embeddable":true,"href":"https:\/\/test.instytutdidaskalos.pl\/index.php?rest_route=\/"}],"wp:attachment":[{"href":"https:\/\/test.instytutdidaskalos.pl\/index.php?rest_route=%2Fwp%2Fv2%2Fmedia&parent=3632"}],"wp:term":[{"taxonomy":"category","embeddable":true,"href":"https:\/\/test.instytutdidaskalos.pl\/index.php?rest_route=%2Fwp%2Fv2%2Fcategories&post=3632"},{"taxonomy":"post_tag","embeddable":true,"href":"https:\/\/test.instytutdidaskalos.pl\/index.php?rest_route=%2Fwp%2Fv2%2Ftags&post=3632"}],"curies":[{"name":"wp","href":"https:\/\/api.w.org\/{rel}","templated":true}]}}