{"id":3481,"date":"2013-06-23T23:03:42","date_gmt":"2013-06-23T21:03:42","guid":{"rendered":"http:\/\/instytutdidaskalos.pl\/?p=3481"},"modified":"2013-06-23T23:03:42","modified_gmt":"2013-06-23T21:03:42","slug":"kosciol-zielonoswiatkowy-w-polsce-rozmowa-z-markiem-kaminskim","status":"publish","type":"post","link":"https:\/\/test.instytutdidaskalos.pl\/?p=3481","title":{"rendered":"Ko\u015bci\u00f3\u0142 Zielono\u015bwi\u0105tkowy w Polsce \u2013 rozmowa z Markiem Kami\u0144skim"},"content":{"rendered":"<p><iframe loading=\"lazy\" src=\"http:\/\/www.youtube.com\/embed\/RAx1uTgeVV8?rel=0\" width=\"560\" height=\"315\" frameborder=\"0\" allowfullscreen=\"allowfullscreen\"><\/iframe><\/p>\n<p><b>Andrzej Mytych: Mam dzisiaj przyjemno\u015b\u0107 rozmawia\u0107 z Markiem Kami\u0144skim, biskupem Ko\u015bcio\u0142a Zielono\u015bwi\u0105tkowego, doktorem teologii, m\u00f3wc\u0105 konferencyjnym. <\/b><\/p>\n<p><b>Chcia\u0142bym porozmawia\u0107 o ksi\u0105\u017cce, kt\u00f3r\u0105 niedawno biskup wyda\u0142 pt. \u201eKo\u015bci\u00f3\u0142 Zielono\u015bwi\u0105tkowy w Polsce w latach 1988-2008\u201d. Zanim jednak poruszymy temat ksi\u0105\u017cki, prosz\u0119 powiedzie\u0107, co biskup doradzi\u0142by chrze\u015bcija\u0144skim autorom, kt\u00f3rzy chc\u0105 wyda\u0107 swoj\u0105 ksi\u0105\u017ck\u0119 w Polsce.<\/b><\/p>\n<p><!--more--><\/p>\n<p>Marek Kami\u0144ski: Zacz\u0105\u0142bym od tego, \u017ceby czyta\u0107 du\u017co ksi\u0105\u017cek, du\u017co literatury pi\u0119knej, poniewa\u017c to bardzo ubogaca nasz j\u0119zyk i pomaga w pisaniu. Potem jest zbieranie materia\u0142u, komponowanie, zmiany i d\u0142ugie siedzenie.<\/p>\n<p>Z drugiej strony musz\u0119 powiedzie\u0107, \u017ce widz\u0119 wielu pastor\u00f3w, posiadaj\u0105cych wiedz\u0119 i m\u0105dro\u015b\u0107, kt\u00f3rzy mogliby pisa\u0107 chrze\u015bcija\u0144skie ksi\u0105\u017cki. S\u0105dz\u0119, \u017ce jest fundament i dobrze by\u0142oby, gdyby powstawa\u0142o wi\u0119cej ksi\u0105\u017cek pisanych przez Polak\u00f3w.<\/p>\n<p><b>AM: Jaka by\u0142a historia powstania tej ksi\u0105\u017cki? Jak si\u0119 zrodzi\u0142a?<\/b><\/p>\n<p>MK: Bardzo prozaicznie. Jeszcze jak by\u0142em pastorem w Koszalinie, mia\u0142em tylko wyzwania duszpasterskie, tzn. pomaganie ludziom, troska o zb\u00f3r, przygotowywanie kaza\u0144, czasem wyjazdy do innych zbor\u00f3w. W pewnym momencie stwierdzi\u0142em, \u017ce brakuje mi wyzwa\u0144, \u017ce wszystko to znam i nic nowego nie robi\u0119, nic takiego, co by mnie rozci\u0105gn\u0119\u0142o i sprawi\u0142o, \u017ce b\u0119d\u0119 musia\u0142 si\u0119 mocno wysili\u0107. Poszed\u0142em do pastora Edwarda Czajko z pro\u015bb\u0105 o rozmow\u0119 duszpastersk\u0105. To jest starszy, szanowany brat, kt\u00f3rego niezwykle ceni\u0119. Powiedzia\u0142em mu, \u017ce potrzebuj\u0119 nowych wyzwa\u0144 i chyba powinienem napisa\u0107 doktorat. Przeczuwaj\u0105c, z czym do niego przyjd\u0119 od raz powiedzia\u0142, jaki ma dla mnie temat. Powiedzia\u0142, \u017ce ma\u0142o jest pisz\u0105cych i zaproponowa\u0142 abym zaj\u0105\u0142 si\u0119 histori\u0105 naszego ko\u015bcio\u0142a od momentu powstania w roku 1988, a\u017c do roku 2008. To by\u0142 pocz\u0105tek, poszed\u0142em na studia doktoranckie i zacz\u0105\u0142em szuka\u0107 materia\u0142\u00f3w w archiwach ko\u015bcielnych.<\/p>\n<p>Dzisiaj patrz\u0105c na m\u00f3j napisany i obroniony doktorat zastanawiam si\u0119, jak mi si\u0119 to uda\u0142o, poniewa\u017c ci\u0105gle brakuje mi czasu, ale Pan B\u00f3g pom\u00f3g\u0142 i dzi\u0119ki Jego pomocy powsta\u0142a ta ksi\u0105\u017cka.<\/p>\n<p><b>AM: Do kogo jest skierowana?<\/b><\/p>\n<p>MK: My\u015bl\u0119, \u017ce w gruncie rzeczy do bardzo wielu grup spo\u0142ecznych. Praca naukowa ma swoj\u0105 specyfik\u0119 i momentami ksi\u0105\u017cka skierowana jest do tych, kt\u00f3rzy s\u0105 zainteresowani badaniem i poznaniem wielu szczeg\u00f3\u0142\u00f3w o Ko\u015bciele Zielono\u015bwi\u0105tkowym.<\/p>\n<p>Zdaj\u0119 sobie spraw\u0119, \u017ce w literaturze polskoj\u0119zycznej w\u0142a\u015bciwie nie ma \u017cadnej sensownej monografii, po\u015bwi\u0119conej ruchowi zielono\u015bwi\u0105tkowemu. By\u0142y jakie\u015b pr\u00f3by, ale g\u0142\u0119boko niesatysfakcjonuj\u0105ce.<\/p>\n<p>Je\u015bli kto\u015b nie ma poj\u0119cia o ruchu zielono\u015bwi\u0105tkowym jest to monografia w j\u0119zyku polskim, kt\u00f3ra definitywnie przybli\u017cy ka\u017cdemu, zupe\u0142nie niezorientowanemu, o co chodzi w ruchu zielono\u015bwi\u0105tkowym. Nasi bracia i siostry te\u017c si\u0119 nie orientuj\u0105 i nie wiedz\u0105, jakie s\u0105 nasze korzenie. S\u0105dz\u0119, \u017ce ka\u017cdy znajdzie tam co\u015b dla siebie, poza tym nie wszyscy musz\u0105 czyta\u0107 ca\u0142\u0105 ksi\u0105\u017ck\u0119, wystarczy zapozna\u0107 si\u0119 z poszczeg\u00f3lnymi partiami.<\/p>\n<p><b>AM: Biskup jest cz\u0119\u015bci\u0105 Ko\u015bcio\u0142a Zielono\u015bwi\u0105tkowego od dziecka. Czy pracuj\u0105c nad t\u0105 ksi\u0105\u017ck\u0105 by\u0142o co\u015b, co biskupa zaskoczy\u0142o, o czym biskup nie wiedzia\u0142?<\/b><\/p>\n<p>MK: Tak, definitywnie, poniewa\u017c by\u0142em \u015bwiadkiem historii najnowszej. Pami\u0119tam synod za\u0142o\u017cycielski naszego ko\u015bcio\u0142a. By\u0142em studentem Akademii Teologicznej i razem z moimi kolegami i kole\u017cankami obserwowali\u015bmy to wydarzenie.<\/p>\n<p>Przy pracy nad ksi\u0105\u017ck\u0105 uda\u0142o mi si\u0119 znale\u017a\u0107 \u017ar\u00f3d\u0142a historii zupe\u0142nie pocz\u0105tkowej, rok 1909, 1910 oraz \u017ar\u00f3d\u0142a odno\u015bnie historii przedwojennej na \u015al\u0105sku Cieszy\u0144skim, gdzie powstali Stanowczy Chrze\u015bcijanie, potem pozna\u0142em dzieje Ko\u015bcio\u0142a Chrze\u015bcijan Wiary Ewangelicznej na Kresach Wschodnich. To by\u0142 bardzo du\u017cy ruch, a jego pocz\u0105tki s\u0105 prawie nieznane, albo ma\u0142o opisane.<\/p>\n<p>Zafascynowa\u0142em si\u0119 wieloma sytuacjami i postaciami. To by\u0142o olbrzymie zaskoczenie, a jedn\u0105 z najbardziej fundamentalnych postaci, kt\u00f3r\u0105 si\u0119 zachwyci\u0142em by\u0142 Gustaw Herbert Schmidt, pierwszy misjonarz ameryka\u0144ski, kt\u00f3ry ju\u017c w roku 1920 przyjecha\u0142 do Polski. Pomaga\u0142 w nauczaniu, potem zorganizowa\u0142 szko\u0142\u0119 biblijn\u0105, kt\u00f3ra przyj\u0119\u0142a nazw\u0119 Instytut Biblijny w Gda\u0144sku. Troch\u0119 na ten temat napisa\u0142em, maj\u0105c nadziej\u0119, na dalsze prace.<\/p>\n<p><b>AM: Mam nadziej\u0119, \u017ce wkr\u00f3tce b\u0119dziemy mogli zapozna\u0107 si\u0119 z biografi\u0105 Schmidta, autorstwa dra Marka Kami\u0144skiego.<\/b><\/p>\n<p>MK: Ja te\u017c mam tak\u0105 nadziej\u0119. My\u015bl\u0119, \u017ce mn\u00f3stwo materia\u0142\u00f3w ju\u017c zebra\u0142em. S\u0105 to jego listy, kt\u00f3re pisa\u0142 do swoich opiekun\u00f3w w Ameryce, jego publikacje w r\u00f3\u017cnych gazetach i ksi\u0105\u017cki napisane w czasie wojny, kiedy przebywa\u0142 w wi\u0119zieniu hitlerowskim w Gda\u0144sku. Zebra\u0142em du\u017co materia\u0142\u00f3w, problemem jest jednak czas, ale B\u00f3g jest Panem czasu, wi\u0119c mam nadziej\u0119, \u017ce powstanie ta pozycja.<\/p>\n<p><b>AM: Dotkn\u0119li\u015bmy historii, dotknijmy te\u017c tera\u017aniejszo\u015bci. Jak biskup ocenia Ko\u015bci\u00f3\u0142 Zielono\u015bwi\u0105tkowy dzisiaj?<\/b><\/p>\n<p>MK: Powiem szczerze, nie b\u0119d\u0119 m\u00f3wi\u0142 o wielu mniejszych problemach, kt\u00f3re dotykaj\u0105 ka\u017cd\u0105 grup\u0119 ludzi, bo \u017cycie sprawia, \u017ce w rodzinie, spo\u0142eczno\u015bci, pa\u0144stwie dziej\u0105 si\u0119 dobre rzeczy, ale s\u0105 te\u017c k\u0142opoty. Mamy par\u0119 problem\u00f3w, kt\u00f3re s\u0105 do rozwi\u0105zania, s\u0105 to rzeczy, kt\u00f3re przynosi \u017cycie.<\/p>\n<p>Jestem Bogu wdzi\u0119czny i zafascynowany tym, co widz\u0119 w zborach. Po pierwsze zbory s\u0105 pierwsz\u0105 lini\u0105 naszego dzia\u0142ania. Ko\u015bci\u00f3\u0142 jest po to, aby s\u0142u\u017cy\u0107 ludziom w zborach. Tam g\u0142osimy Ewangeli\u0119, tam si\u0119 modlimy, uczymy chrze\u015bcija\u0144skiego \u017cycia.<\/p>\n<p>Co tydzie\u0144 jestem w innym zborze, odwiedzam je, rozmawiam z pastorami, staram si\u0119 zaprzyja\u017ani\u0107, mie\u0107 relacj\u0119 najmniej formaln\u0105, g\u0142osz\u0119 S\u0142owo Bo\u017ce.<\/p>\n<blockquote><p>Cz\u0119sto, kiedy bywam w ma\u0142ych spo\u0142eczno\u015bciach, jestem po urokiem tego, co tam widz\u0119.<\/p><\/blockquote>\n<p>Mamy tam takie pere\u0142ki, ludzi, kt\u00f3rzy s\u0105 znakomitymi kaznodziejami. Maj\u0105c trudne warunki, s\u0142u\u017c\u0105 Bogu, najlepiej jak potrafi\u0105, dbaj\u0105 o ludzi, nauczanie, uwielbienie.<\/p>\n<p>Podoba mi si\u0119 praca spo\u0142eczna. Prawie ka\u017cdy zb\u00f3r w Polsce prowadzi dzia\u0142alno\u015b\u0107 spo\u0142eczn\u0105. Czasem zastanawiam si\u0119, sk\u0105d oni bior\u0105 si\u0142\u0119, inspiracj\u0119 i \u015brodki do tego.<\/p>\n<p>Jestem dumny z tego, jak wielu pastor\u00f3w prowadzi dzia\u0142alno\u015b\u0107 ewangelizacyjn\u0105, cho\u0107 w Polsce nie jest \u0142atwo zwiastowa\u0107 Chrystusa. Ci, kt\u00f3rzy si\u0119 wysilaj\u0105 maj\u0105 plon. M\u00f3wi\u0119 to szczerze, jestem dumny z naszych zbor\u00f3w.<\/p>\n<blockquote><p>My\u015bl\u0119, \u017ce ci\u0105gle musimy pracowa\u0107 nad intensywno\u015bci\u0105 ewangelizacji.<\/p><\/blockquote>\n<p>Kiedy s\u0105 trudno\u015bci, to mamy tendencj\u0119, aby troszeczk\u0119 usun\u0105\u0107 j\u0105 na bok, a ona musi by\u0107 stylem \u017cycia chrze\u015bcijanina. Nie ka\u017cdy, kto przychodzi do Chrystusa zdaje sobie spraw\u0119 z tego, \u017ce podstawowe zadanie to ratowanie innych, kt\u00f3rzy tego potrzebuj\u0105. Z pewno\u015bci\u0105 to mamy do rozwi\u0105zania.<\/p>\n<blockquote><p>My\u015bl\u0119, \u017ce inn\u0105 rzecz\u0105 jest zrobienie miejsca dla m\u0142odego pokolenia w s\u0142u\u017cbie.<\/p><\/blockquote>\n<p>Cz\u0119sto zastanawiam si\u0119, co powiedzie\u0107 ludziom, kt\u00f3rzy maj\u0105 19 lat i chcieliby s\u0142u\u017cy\u0107 Bogu. Czy mog\u0119 im powiedzie\u0107 szczerze: <i>\u201ePrzyjd\u017a do seminarium, my ci\u0119 wykszta\u0142cimy, a potem zostaniesz pastorem\u201d?<\/i> Tutaj musimy doprowadzi\u0107 systemowo do tego, aby robi\u0107 takim ludziom miejsce w s\u0142u\u017cbie. Nawet je\u017celi trzeba, aby w wieku 25-27 lat zostawali samodzielnymi pastorami. Problem jest w tym, \u017ce je\u017celi nie damy im pola do dzia\u0142ania, to zaanga\u017cuj\u0105 si\u0119 w inne rzeczy i stracimy ca\u0142e pokolenie.<\/p>\n<p>To s\u0105 sprawy, kt\u00f3re sp\u0119dzaj\u0105 mi sen z powiek. To nie s\u0105 problemy, kt\u00f3re dewastuj\u0105 nas i niszcz\u0105, to s\u0105 problemy \u017cycia. B\u0119dziemy je rozwi\u0105zywa\u0107 i mam nadziej\u0119 oraz g\u0142\u0119bok\u0105 wiar\u0119, \u017ce B\u00f3g dokona wielkich rzeczy po\u015br\u00f3d nas.<\/p>\n<p><b>AM: Co jeszcze w Ko\u015bciele Zielono\u015bwi\u0105tkowym ma potencja\u0142 odno\u015bnie przysz\u0142o\u015bci?<\/b><\/p>\n<p>MK: To jest moja kolejna duma &#8211;&nbsp; m\u0142odzie\u017c. Kiedy ich obserwuj\u0119, a staram si\u0119 obserwowa\u0107 z bliska, bywam na zlotach m\u0142odzie\u017cy, to musz\u0119 powiedzie\u0107, \u017ce s\u0105 chyba fajniejsi ni\u017c my, kiedy byli\u015bmy m\u0142odzi.<\/p>\n<p>Mo\u017ce to jest zupe\u0142nie inne pokolenie, bo w innych warunkach wychowane. Oni znaj\u0105 smak wolno\u015bci, nie s\u0105 st\u0142amszeni przez system polityczny. Widz\u0119, \u017ce jak co\u015b zaczynaj\u0105, to robi\u0105 z oddaniem, z entuzjazmem, bez wstydu, z wielk\u0105 otwarto\u015bci\u0105. Widz\u0119, \u017ce m\u0142ode pokolenie chce ewangelizowa\u0107, g\u0142osi\u0107 Chrystusa i s\u0142u\u017cy\u0107. Maj\u0105 niezwyk\u0142y potencja\u0142, to jest moja chluba i duma. Mam nadziej\u0119, \u017ce wyrosn\u0105 z nich fantastyczni przyw\u00f3dcy.<\/p>\n<p>Trzeba przestrzega\u0107 ich, \u017ceby swojego \u017cycia nie zmarnowali, bo pu\u0142apek jest bardzo du\u017co.<\/p>\n<blockquote><p>M\u0142odzie\u017c to powinno by\u0107 nasze \u201eoczko w g\u0142owie\u201d i powinni\u015bmy dba\u0107 o to, aby ich w\u0142a\u015bciwie wychowa\u0107, bo chyba zajd\u0105 dalej ni\u017c my.<\/p><\/blockquote>\n<p><b>AM: Na co zielono\u015bwi\u0105tkowcy powinni zwr\u00f3ci\u0107 uwag\u0119? W jaki spos\u00f3b powinni \u017cy\u0107, aby Ko\u015bci\u00f3\u0142 Zielono\u015bwi\u0105tkowy by\u0142 takim jakim powinien by\u0107?<\/b><\/p>\n<p>MK: Ka\u017cde przebudzenie mia\u0142o miejsce wtedy, kiedy Duch \u015awi\u0119ty by\u0142 wylany na ludzi. Musimy podchodzi\u0107 do tego, co nas czeka w spos\u00f3b systemowy, natomiast system nie mo\u017ce by\u0107 kojarzony z dzia\u0142aniem Ducha \u015awi\u0119tego. To jest suwerenne dzia\u0142anie Bo\u017ce, wi\u0119c my musimy stara\u0107 si\u0119 przystosowa\u0107 nasze \u017cycie, aby Duch \u015awi\u0119ty mia\u0142 wolno\u015b\u0107 dzia\u0142ania w nas.<\/p>\n<p>Tutaj m\u00f3g\u0142bym wymienia\u0107 wiele rzeczy. Wa\u017cne jest jak \u017cyjemy, jak trwamy w spo\u0142eczno\u015bci z Bogiem. Wa\u017cne s\u0105 nasze relacje w zborze, \u017ceby by\u0142 pok\u00f3j, harmonia, \u017ceby\u015bmy byli zgodni, co do najwa\u017cniejszych rzeczy.<\/p>\n<p>Musimy zrobi\u0107 miejsce na dzia\u0142anie Ducha \u015awi\u0119tego w naszym \u017cyciu, w naszych zborach, ale powinni\u015bmy przy tym rozumie\u0107, \u017ce jest to suwerenne dzia\u0142anie Bo\u017ce. My nie zadekretujemy, od kt\u00f3rej chwili Duch \u015awi\u0119ty b\u0119dzie dzia\u0142a\u0142. Kiedy ludzie s\u0105 g\u0142odni, kiedy pragn\u0105, to Duch \u015awi\u0119ty zaczyna dzia\u0142a\u0107 i przychodzi przebudzenie. Naszym zadaniem jest, aby z m\u0105dro\u015bci\u0105 Bo\u017c\u0105 zrobi\u0107 w naszym domu wszystko to, co jest niezb\u0119dne, aby przygotowa\u0107 si\u0119 na Jego przyj\u015bcie.<\/p>\n","protected":false},"excerpt":{"rendered":"<p>Andrzej Mytych: Mam dzisiaj przyjemno\u015b\u0107 rozmawia\u0107 z Markiem Kami\u0144skim, biskupem Ko\u015bcio\u0142a Zielono\u015bwi\u0105tkowego, doktorem teologii, m\u00f3wc\u0105 konferencyjnym. Chcia\u0142bym porozmawia\u0107 o ksi\u0105\u017cce, kt\u00f3r\u0105 niedawno biskup wyda\u0142 pt. \u201eKo\u015bci\u00f3\u0142 Zielono\u015bwi\u0105tkowy w Polsce w latach 1988-2008\u201d. Zanim jednak poruszymy temat ksi\u0105\u017cki, prosz\u0119 powiedzie\u0107, co biskup doradzi\u0142by chrze\u015bcija\u0144skim autorom, kt\u00f3rzy chc\u0105 wyda\u0107 swoj\u0105 ksi\u0105\u017ck\u0119 w Polsce.<\/p>\n","protected":false},"author":1,"featured_media":0,"comment_status":"open","ping_status":"open","sticky":false,"template":"","format":"video","meta":{"_et_pb_use_builder":"","_et_pb_old_content":"","_et_gb_content_width":"","ngg_post_thumbnail":0},"categories":[383,133,176,177],"tags":[381,487,137,37,139,447,488,489,145],"jetpack_featured_media_url":"","_links":{"self":[{"href":"https:\/\/test.instytutdidaskalos.pl\/index.php?rest_route=\/wp\/v2\/posts\/3481"}],"collection":[{"href":"https:\/\/test.instytutdidaskalos.pl\/index.php?rest_route=\/wp\/v2\/posts"}],"about":[{"href":"https:\/\/test.instytutdidaskalos.pl\/index.php?rest_route=\/wp\/v2\/types\/post"}],"author":[{"embeddable":true,"href":"https:\/\/test.instytutdidaskalos.pl\/index.php?rest_route=\/wp\/v2\/users\/1"}],"replies":[{"embeddable":true,"href":"https:\/\/test.instytutdidaskalos.pl\/index.php?rest_route=%2Fwp%2Fv2%2Fcomments&post=3481"}],"version-history":[{"count":0,"href":"https:\/\/test.instytutdidaskalos.pl\/index.php?rest_route=\/wp\/v2\/posts\/3481\/revisions"}],"wp:attachment":[{"href":"https:\/\/test.instytutdidaskalos.pl\/index.php?rest_route=%2Fwp%2Fv2%2Fmedia&parent=3481"}],"wp:term":[{"taxonomy":"category","embeddable":true,"href":"https:\/\/test.instytutdidaskalos.pl\/index.php?rest_route=%2Fwp%2Fv2%2Fcategories&post=3481"},{"taxonomy":"post_tag","embeddable":true,"href":"https:\/\/test.instytutdidaskalos.pl\/index.php?rest_route=%2Fwp%2Fv2%2Ftags&post=3481"}],"curies":[{"name":"wp","href":"https:\/\/api.w.org\/{rel}","templated":true}]}}