{"id":2777,"date":"2012-03-22T13:36:41","date_gmt":"2012-03-22T13:36:41","guid":{"rendered":"http:\/\/instytutdidaskalos.pl\/?p=2777"},"modified":"2012-03-22T13:36:41","modified_gmt":"2012-03-22T13:36:41","slug":"polska-twoja-ziemia-obiecana-wywiad-z-arkadiuszem-krzywodajciem","status":"publish","type":"post","link":"https:\/\/test.instytutdidaskalos.pl\/?p=2777","title":{"rendered":"Polska Twoja Ziemia Obiecana &#8211; wywiad z Arkadiuszem Krzywodajciem"},"content":{"rendered":"<p style=\"text-align: left;\">Kilka dni temu mia\u0142em przyjemno\u015b\u0107 rozmawia\u0107 z Arkadiuszemem Krzywodajciem. Jest on niesamowitym cz\u0142owiekiem. Pracuje jako <a href=\"http:\/\/filadelfia.org.pl\/\" target=\"_blank\" rel=\"noopener\">pastor w Wodzis\u0142awiu \u015al\u0105skim<\/a>, zak\u0142ada ko\u015bcio\u0142y, jest muzykiem, autorem ksi\u0105\u017cek i rewelacyjnym m\u00f3wc\u0105.<\/p>\n<p><iframe loading=\"lazy\" src=\"http:\/\/www.youtube.com\/embed\/ROBFjWmDF8A\" width=\"560\" height=\"315\" frameborder=\"0\" allowfullscreen=\"allowfullscreen\"><\/iframe><\/p>\n<p>Dla os\u00f3b, kt\u00f3re wol\u0105 czyta\u0107 \u00a0poni\u017cej znajduje si\u0119 tekstowa wersja tego wywiadu:<\/p>\n<p><!--more--><\/p>\n<p><strong><a href=\"http:\/\/instytutdidaskalos.pl\/wp-content\/uploads\/2012\/02\/ksiazka_Polska_Twoja_ziemia_obiecana.jpg\"><img decoding=\"async\" loading=\"lazy\" class=\"alignright size-medium wp-image-2677\" title=\"ksiazka_Polska_Twoja_ziemia_obiecana\" src=\"http:\/\/instytutdidaskalos.pl\/wp-content\/uploads\/2012\/02\/ksiazka_Polska_Twoja_ziemia_obiecana-214x300.jpg\" alt=\"\" width=\"214\" height=\"300\" \/><\/a>Andrzej\u00a0 Mytych: <\/strong> <strong>Jaki\u015b czas temu w Warszawie trafi\u0142a mi w r\u0119ce jedna z twoich ksi\u0105\u017cek. Gdy j\u0105 zobaczy\u0142em &#8211; \u201ePolska &#8211; Twoja Ziemia Obiecana\u201d- stwierdzi\u0142em, \u017ce od razu musz\u0119 j\u0105 przeczyta\u0107. Wr\u00f3ci\u0142em do domu i <\/strong><strong>przeczyta\u0142em j\u0105 uwa\u017cnie<\/strong><strong> od deski do deski.<\/strong><\/p>\n<p><strong>W zwi\u0105zku z t\u0105 ksi\u0105\u017ck\u0105, mam Arek kilka pyta\u0144 do Ciebie. Zatytu\u0142owa\u0142e\u015b j\u0105 \u201ePolska &#8211; Twoja Ziemia Obiecana\u201d. Dlaczego taki tytu\u0142? Niekt\u00f3rzy moi przyjaciele m\u00f3wi\u0105 mi: \u201ePolska to ziemia przekl\u0119ta, a nie obiecana\u201d.<\/strong><\/p>\n<p>Arkadiusz Krzywodaj\u0107: My\u015bl\u0119, \u017ce to jest kwestia spojrzenia na to samo miejsce z r\u00f3\u017cnych perspektyw. My\u015bl\u0119, \u017ce je\u015bli spojrzymy na Polsk\u0119 z Bo\u017cej perspektywy, to zaczynamy rozumie\u0107, \u017ce Bo\u017ce serce bije tak samo dla Polski, jak dla ka\u017cdego innego kraju na ziemi. Nie ma \u017cadnego powodu, dla kt\u00f3rego mia\u0142oby by\u0107 inaczej.<\/p>\n<p>Ja osobi\u015bcie jestem zakochany w swoim kraju, kt\u00f3ry oczywi\u015bcie posiada swoje niedoskona\u0142o\u015bci, jak ka\u017cdy inny kraj. Natomiast my\u015bl\u0119, \u017ce niezwykle wa\u017cnym jest to, co napisa\u0142em w tej ksi\u0105\u017cce, a mianowicie, je\u015bli urodzi\u0142em si\u0119 Polakiem, je\u015bli m\u00f3wi\u0119 w takim, a nie innym j\u0119zyku, to jest jaki\u015b pow\u00f3d, dla kt\u00f3rego tak si\u0119 sta\u0142o. Jednym z powod\u00f3w jest to, \u017ce mieszkaj\u0105c w tym kraju B\u00f3g ma dla mnie plan. Nie tylko dla mnie, ale r\u00f3wnie\u017c dla ciebie \u2013 plan dla nas, Polak\u00f3w, w\u0142a\u015bnie tutaj, w tym kraju, w kt\u00f3rym mieszkamy.<\/p>\n<p>Niezwykle wa\u017cnym jest, aby spojrze\u0107 na Polsk\u0119 w takim kontek\u015bcie. Tak, nasz kraj mo\u017ce by\u0107 moj\u0105 Ziemia Obiecan\u0105, moj\u0105 \u201ekrain\u0105 szcz\u0119\u015bcia\u201d, bez wzgl\u0119du na r\u00f3\u017cne stereotypy towarzysz\u0105ce rozmy\u015blaniu nad Polsk\u0105.<\/p>\n<p>Uwa\u017cam, \u017ce mo\u017ce si\u0119 tak sta\u0107 i mam wiele dowod\u00f3w na to, \u017ce nie jest to ziemia przegrana. Nie jeste\u015bmy narodem przegranym. To, co si\u0119 obecnie w naszym kraju dzieje potwierdza moje my\u015blenie.<\/p>\n<p><strong>AM: Dla kogo napisa\u0142e\u015b t\u0119 ksi\u0105\u017ck\u0119?<\/strong><\/p>\n<p>AK: Napisa\u0142em j\u0105 przede wszystkim dla chrze\u015bcijan, kt\u00f3rzy nie potrafi\u0105 zaakceptowa\u0107 faktu, \u017ce s\u0105 Polakami i \u017cyj\u0105 w Polsce. Napisa\u0142em j\u0105 r\u00f3wnie\u017c dla chrze\u015bcijan, kt\u00f3rzy ci\u0105gle zmagaj\u0105 si\u0119 z poczuciem gorszo\u015bci, \u017ce s\u0105 biedniejszymi dzie\u0107mi tego samego Boga, por\u00f3wnuj\u0105c si\u0119 do kraj\u00f3w uznawanych przez nas za lepsze od naszego.<\/p>\n<p>Ksi\u0105\u017cka ta ma troch\u0119 odkr\u0119ci\u0107 nasze my\u015blenie o nas samych i o naszym kraju.<\/p>\n<p><strong>AM: Wiesz, jest takie pytanie, kt\u00f3re mnie nurtuje i kt\u00f3re sobie zadawa\u0142em czytaj\u0105c Twoj\u0105 ksi\u0105\u017ck\u0119. Czy mo\u017cna by\u0107 chrze\u015bcijaninem i patriot\u0105?<\/strong><\/p>\n<p><strong>Nie wiem, czy rozumiesz, co stoi za tym pytaniem? S\u0105 r\u00f3\u017cne chrze\u015bcija\u0144skie pogl\u0105dy. Jeden z nich g\u0142osi, \u017ce nie powinni\u015bmy mie\u0107 nic wsp\u00f3lnego z tym \u015bwiatem, \u017ce nasza Ojczyzna jest w niebie. Rozumiesz, o co chc\u0119 zapyta\u0107&#8230;<\/strong><\/p>\n<p>AK: Tak, ale to g\u0142\u00f3wnie zale\u017cy od tego, co rozumiemy pod poj\u0119ciem patriotyzm. Je\u015bli jest to powi\u0105zane z jakim\u015b nacjonalizmem, zdecydowanie nie. Powinni\u015bmy odcina\u0107 si\u0119 od tego typu postaw.<\/p>\n<p>M\u00f3wimy o tym, \u017ce jeste\u015bmy dzie\u0107mi Bo\u017cymi, a Pismo \u015awi\u0119te m\u00f3wi cho\u0107by o tym, \u017ceby szanowa\u0107 przyw\u00f3dc\u00f3w. Z racji szacunku do tych os\u00f3b, powinien wynika\u0107 m\u00f3j stosunek do tego wszystkiego, co wi\u0105\u017ce si\u0119 z pa\u0144stwowo\u015bci\u0105.\u00a0 Z tego wynika, \u017ce powinienem\u00a0 w jaki\u015b spos\u00f3b anga\u017cowa\u0107 si\u0119 w rzeczy, kt\u00f3re maj\u0105 tutaj miejsce.<\/p>\n<p>Poza tym, Pismo \u015awi\u0119te m\u00f3wi o zdobywaniu dla Ewangelii narod\u00f3w. A wi\u0119c w Bo\u017cym sercu s\u0105 narody, a ja jestem cz\u0119\u015bci\u0105 jakiego\u015b narodu, kt\u00f3ry ma sw\u00f3j kraj. Pan B\u00f3g nigdy nie zrezygnowa\u0142 z narod\u00f3w jako osobnych spo\u0142ecze\u0144stw. On nie udaje, \u017ce ich nie ma. W zwi\u0105zku z tym jestem cz\u0119\u015bci\u0105 jakiego\u015b narodu. I to chyba jest ju\u017c wystarczaj\u0105cy pow\u00f3d, aby by\u0107 w jakim\u015b sensie patriot\u0105<\/p>\n<p>Poza tym my\u015bl\u0119, \u017ce nie warto uprawia\u0107 jakiego\u015b masochizmu duchowego i obrzydza\u0107 sobie kraj, w kt\u00f3rym jestem i nar\u00f3d, kt\u00f3rego jestem cz\u0119\u015bci\u0105. Cz\u0119sto chrze\u015bcijanie, uwa\u017cam \u017ce b\u0142\u0119dnie, rozumiej\u0105 te wszystkie sprawy zwi\u0105zane z\u00a0 tera\u017aniejszo\u015bci\u0105 tutaj na ziemi i jako\u015b tak ci\u0105gle odcinaj\u0105 si\u0119 na ka\u017cdym kroku od rzeczy, od kt\u00f3rych nie nale\u017cy si\u0119 odcina\u0107.<\/p>\n<p>Ja te\u017c si\u0119 wcze\u015bniej odcina\u0142em, ale nie zmieni\u0119 tego, \u017ce jestem cz\u0119\u015bci\u0105 mojego narodu. M\u00f3wi\u0119 w tym, a nie innym j\u0119zyku, mam tak\u0105, a nie inn\u0105 kultur\u0119. Tak, mam taki, a nie inny paszport i nie b\u0119d\u0119 udawa\u0142, \u017ce tego nie ma. Wi\u0119c albo to sobie b\u0119d\u0119 obrzydza\u0142 przez kolejne lata swojego \u017cycia, kt\u00f3re B\u00f3g mi podaruje, albo spr\u00f3buj\u0119 spojrze\u0107 na to z perspektywy Bo\u017cej mi\u0142o\u015bci, Bo\u017cego serca i co\u015b dobrego dla tego kraju zrobi\u0119.<\/p>\n<p><strong>AM: Nasz kraj ca\u0142y czas si\u0119 zmienia. Ci\u0105g zmian jest niewiarygodny. Gdy teraz patrzysz na 21 wiek, to jak my\u015blisz, jaka jest rola ko\u015bcio\u0142a dzisiaj? Jakie miejsce ko\u015bci\u00f3\u0142 powinien zaj\u0105\u0107 w naszym dzisiejszym spo\u0142ecze\u0144stwie?<\/strong><\/p>\n<p>AK: My\u015bl\u0119, \u017ce przede wszystkim ko\u015bci\u00f3\u0142, ludzie wierz\u0105cy ewangelicznie powinni \u015bmia\u0142o zacz\u0105\u0107 patrze\u0107 na Polsk\u0119 jak na kraj ogromnych mo\u017cliwo\u015bci. Jak na kraj, kt\u00f3ry jest na zakr\u0119cie historii. Ko\u015bci\u00f3\u0142 powinien wierzy\u0107 w to, \u017ce nast\u0105pi\u0105 pozytywne zmiany, kt\u00f3re zreszt\u0105 nast\u0119puj\u0105, cho\u0107 maj\u0105 swoje negatywne aspekty.<\/p>\n<p>Powinni\u015bmy \u015bmia\u0142o zaistnie\u0107 w tym spo\u0142ecze\u0144stwie i \u015bmia\u0142o m\u00f3wi\u0107 o tym, \u017ce mamy odpowiedzi. Poniewa\u017c zmiany, kt\u00f3re przychodz\u0105, owocuj\u0105 nie tylko w rzeczy dobre, ale te\u017c i w z\u0142e.<\/p>\n<p>Wielu ludzi z jednej strony bardzo jest zaabsorbowanych tym, aby lepiej \u017cy\u0107, ale z drugiej strony jest ogromna rzesza ludzi, kt\u00f3ra straci\u0142a odpowiedzi, albo straci\u0142a przekonanie, \u017ce ich \u017cycie ma jaki\u015b g\u0142\u0119bszy sens.<\/p>\n<p>Ko\u015bci\u00f3\u0142 &#8211; po pierwsze &#8211; powinien odrzuci\u0107 kompleksy, po drugie &#8211; musi zaj\u0105\u0107 swoje miejsce i \u015bmia\u0142o, z podniesionym czo\u0142em, w pe\u0142ni mi\u0142o\u015bci komunikowa\u0107, \u017ce ma najwa\u017cniejsze odpowiedzi dla spo\u0142ecze\u0144stwa. To jest niezwykle wa\u017cne. Ale, \u017ceby posiada\u0142 te odpowiedzi, to musi sam zacz\u0105\u0107 si\u0119 zmienia\u0107, reformowa\u0107 i troch\u0119 \u201ewypi\u0119knie\u0107\u201d &#8211; porzuci\u0107 r\u00f3\u017cne rzeczy, kt\u00f3re zamazuj\u0105 jego pi\u0119kny obraz. Na\u00a0 przyk\u0142ad ma\u0142ostkowo\u015b\u0107, kompleksy, izolowanie si\u0119 od spo\u0142ecze\u0144stwa, czy jakie\u015b wewn\u0119trzne spory i k\u0142\u00f3tnie. Te wszystkie rzeczy powinny by\u0107 odrzucane, aby ko\u015bci\u00f3\u0142 m\u00f3g\u0142 by\u0107 pi\u0119kny. Jak b\u0119dzie pi\u0119kny, to te\u017c ludzie zobacz\u0105, \u017ce ten ko\u015bci\u00f3\u0142 ma odpowiedzi.<\/p>\n<p>Na razie r\u00f3\u017cnie bywa z pi\u0119knem ko\u015bcio\u0142a, jednak pracujemy nad tym, aby to pi\u0119kno wydoby\u0107.<\/p>\n<p><strong>AM: Zadam Ci Arek w zwi\u0105zku z tym tematem jeszcze jedno pytanie. Wymie\u0144 mi prosz\u0119 trzy rzeczy, kt\u00f3re wed\u0142ug Ciebie polski chrze\u015bcijanin powinien w sobie zmieni\u0107, aby by\u0107 lepszym Polakiem, ale te\u017c lepszym chrze\u015bcijaninem.<\/strong><\/p>\n<p>AK: My\u015bl\u0119 \u017ce po pierwsze musi rozwija\u0107 si\u0119 u nas mi\u0142o\u015b\u0107 i szacunek. Mi\u0142o\u015b\u0107 i szacunek do Polski, mi\u0142o\u015b\u0107 i szacunek do ludzi nas otaczaj\u0105cych, mi\u0142o\u015b\u0107 i szacunek do siebie nawzajem, i tu naprawd\u0119 trzeba prosi\u0107 Pana Boga, \u017ceby On tej mi\u0142o\u015bci nam udziela\u0142.<\/p>\n<p>Ale z drugiej strony jest wiele prostych rzeczy, kt\u00f3re mo\u017cna czyni\u0107. Mo\u017cemy okazywa\u0107 sobie\u00a0 nawzajem szacunek. Mo\u017cemy okazywa\u0107 sobie szacunek w ko\u015bciele, ale tak\u017ce okazywa\u0107 szacunek ludziom spoza ko\u015bcio\u0142a.<\/p>\n<p>My\u015bl\u0119, \u017ce tego musimy si\u0119 uczy\u0107. Ci\u0105gle zajmujemy pozycj\u0119 typu: \u201eMy i oni\u201d, czyli \u201eoni \u2013 ci, kt\u00f3rych trzeba si\u0119 wystrzega\u0107, kt\u00f3rym trzeba pokazywa\u0107, \u017ce s\u0105 poza nawiasem\u201d. To trzeba w nas zmieni\u0107.<\/p>\n<p>Po drugie, my\u015bl\u0119 \u017ce musimy przywr\u00f3ci\u0107 w\u0142a\u015bciwe zrozumienie pracy i uczyni\u0107 j\u0105 nasz\u0105 warto\u015bci\u0105. Wielu chrze\u015bcijan wychodz\u0105c z za\u0142o\u017cenia, \u017ce \u201epielgrzymujemy&#8230;\u201d i za jaki\u015b czas b\u0119dziemy tam w Niebie, w\u0142a\u015bciwie lekcewa\u017cy to, co tutejsze i tera\u017aniejsze. Mamy poobijane samochody, odrapane \u015bciany w domach i zwisaj\u0105ce tapety. Do pracy przychodzimy jak za kar\u0119. A Biblia uczy czego\u015b zupe\u0142nie innego, nieprawda\u017c?<\/p>\n<p>Musimy uczy\u0107 si\u0119 dobrego podej\u015bcia do tych rzeczy i oddania si\u0119 temu, co robimy. A temu, co robimy powinna towarzyszy\u0107 jako\u015b\u0107.<\/p>\n<p>I po trzecie, my\u015bl\u0119 \u017ce powinni\u015bmy uchwyci\u0107 \u015bwie\u017c\u0105 wizj\u0119. Czyli musimy spojrze\u0107 na nasz kraj i uwierzy\u0107, \u017ce mog\u0105 si\u0119 tu dzia\u0107 wspania\u0142e, Bo\u017ce rzeczy.<\/p>\n<p>My\u015bl\u0119, \u017ce ten trzeci punkt jest najtrudniejszy. Gdzie\u015b wszyscy stracili\u015bmy pozytywny obraz przysz\u0142o\u015bci dla nas, dla ko\u015bcio\u0142a, dla Polski.<\/p>\n<p>Nawet, je\u015bli jest dobrze, to i tak to sobie jako\u015b obrzydzimy. Nawet, jak nam wychodzi, to i tak gdzie\u015b z ty\u0142u g\u0142owy cyka nam my\u015bl, \u017ce pewnie zaraz co\u015b si\u0119 z\u0142ego stanie. Nawet, jak kto\u015b si\u0119 nawraca, to pewnie zaraz stwierdzimy &#8211; on pewnie i tak odejdzie do \u015bwiata. I tak dalej, i tak dalej.<\/p>\n<p>My\u015bl\u0119, \u017ce potrzebujemy \u015bwie\u017cej wizji &#8211; dla nas, dla naszego osobistego \u017cycia, dla naszych ko\u015bcio\u0142\u00f3w, dla naszego kraju. To tyle.<\/p>\n<p><strong>AM: Dzi\u0119kuj\u0119 Ci bardzo za rozmow\u0119. Natomiast Tobie, drogi czytelniku dzi\u0119kuj\u0119 za przeczytanie tego wywiadu.<\/strong><\/p>\n<p><strong>Je\u015bli nie czyta\u0142e\u015b jeszcze ksi\u0105\u017cki pastora Arkadiusza \u201ePolska &#8211; Twoja Ziemia Obiecana\u201d, to zach\u0119cam Ci\u0119, aby\u015b si\u0119gn\u0105\u0142 po t\u0119 lektur\u0119, zapozna\u0142 si\u0119 z t\u0105 \u015bwietn\u0105 ksi\u0105\u017ck\u0105 i zastanowi\u0142 si\u0119 nad sob\u0105, nad swoj\u0105 polsko\u015bci\u0105 i chrze\u015bcija\u0144stwem. <\/strong><\/p>\n<p><strong>Zr\u00f3b to wszystko, co powiniene\u015b, aby podnie\u015b\u0107 swoje standardy na wy\u017cszy poziom.<\/strong><\/p>\n","protected":false},"excerpt":{"rendered":"<p>Kilka dni temu mia\u0142em przyjemno\u015b\u0107 rozmawia\u0107 z Arkadiuszemem Krzywodajciem. Jest on niesamowitym cz\u0142owiekiem. Pracuje jako pastor w Wodzis\u0142awiu \u015al\u0105skim, zak\u0142ada ko\u015bcio\u0142y, jest muzykiem, autorem ksi\u0105\u017cek i rewelacyjnym m\u00f3wc\u0105. Dla os\u00f3b, kt\u00f3re wol\u0105 czyta\u0107 \u00a0poni\u017cej znajduje si\u0119 tekstowa wersja tego wywiadu:<\/p>\n","protected":false},"author":1,"featured_media":2677,"comment_status":"open","ping_status":"open","sticky":false,"template":"","format":"video","meta":{"_et_pb_use_builder":"","_et_pb_old_content":"","_et_gb_content_width":"","ngg_post_thumbnail":0},"categories":[383,133,384,397,103,176,177],"tags":[382,362,385,37,139,386,41,387,388,389,390,289,391,392,393,394,395,396,398,399,104,54,400,192],"jetpack_featured_media_url":"","_links":{"self":[{"href":"https:\/\/test.instytutdidaskalos.pl\/index.php?rest_route=\/wp\/v2\/posts\/2777"}],"collection":[{"href":"https:\/\/test.instytutdidaskalos.pl\/index.php?rest_route=\/wp\/v2\/posts"}],"about":[{"href":"https:\/\/test.instytutdidaskalos.pl\/index.php?rest_route=\/wp\/v2\/types\/post"}],"author":[{"embeddable":true,"href":"https:\/\/test.instytutdidaskalos.pl\/index.php?rest_route=\/wp\/v2\/users\/1"}],"replies":[{"embeddable":true,"href":"https:\/\/test.instytutdidaskalos.pl\/index.php?rest_route=%2Fwp%2Fv2%2Fcomments&post=2777"}],"version-history":[{"count":0,"href":"https:\/\/test.instytutdidaskalos.pl\/index.php?rest_route=\/wp\/v2\/posts\/2777\/revisions"}],"wp:featuredmedia":[{"embeddable":true,"href":"https:\/\/test.instytutdidaskalos.pl\/index.php?rest_route=\/"}],"wp:attachment":[{"href":"https:\/\/test.instytutdidaskalos.pl\/index.php?rest_route=%2Fwp%2Fv2%2Fmedia&parent=2777"}],"wp:term":[{"taxonomy":"category","embeddable":true,"href":"https:\/\/test.instytutdidaskalos.pl\/index.php?rest_route=%2Fwp%2Fv2%2Fcategories&post=2777"},{"taxonomy":"post_tag","embeddable":true,"href":"https:\/\/test.instytutdidaskalos.pl\/index.php?rest_route=%2Fwp%2Fv2%2Ftags&post=2777"}],"curies":[{"name":"wp","href":"https:\/\/api.w.org\/{rel}","templated":true}]}}