{"id":2293,"date":"2012-10-30T22:41:13","date_gmt":"2012-10-30T22:41:13","guid":{"rendered":"http:\/\/inspiracje.czasnawzrost.pl\/?p=2293"},"modified":"2012-10-30T22:41:13","modified_gmt":"2012-10-30T22:41:13","slug":"czy-w-swoim-zyciu-ugrzazles","status":"publish","type":"post","link":"https:\/\/test.instytutdidaskalos.pl\/?p=2293","title":{"rendered":"Czy w swoim \u017cyciu ugrz\u0105z\u0142e\u015b?"},"content":{"rendered":"<p>W \u017cyciu bardzo \u0142atwo utkn\u0105\u0107, zjecha\u0107 na bocznic\u0119, zawiesi\u0107 si\u0119, ugrz\u0105zn\u0105\u0107, wyj\u0105\u0107 wtyczk\u0119 z gniazdka\u2026<\/p>\n<p>Tak naprawd\u0119, raz na jaki\u015b czas nale\u017cy odsun\u0105\u0107 si\u0119 troch\u0119 od wiru rzeczywisto\u015bci, odpocz\u0105\u0107, pouk\u0142ada\u0107 swoje wewn\u0119trzne sprawy i nabra\u0107 w\u0142a\u015bciwej perspektywy. Nie mo\u017cna ci\u0105gle gna\u0107 na o\u015blep przez \u017cycie na pi\u0105tym, a nawet sz\u00f3stym biegu, ale z drugiej strony mo\u017cna zatrzyma\u0107 si\u0119 na d\u0142u\u017cej, ni\u017c nale\u017cy. Czasami cz\u0142owiek zje\u017cd\u017ca na chwilk\u0119 na bocznic\u0119, aby odpocz\u0105\u0107, schowa\u0107 si\u0119, przemy\u015ble\u0107 par\u0119 spraw, uspokoi\u0107 si\u0119 i pozostaje na niej przez wiele lat.<\/p>\n<p><!--more--><\/p>\n<p>Niekiedy na bocznic\u0119 zje\u017cd\u017camy przypadkiem, jako\u015b tak wysz\u0142o, zupe\u0142nie niechc\u0105co. Z roku na rok odbijamy coraz bardziej od swoich marze\u0144, a\u017c w ko\u0144cu l\u0105dujemy na jakim\u015b zaniedbanym, zapomnianym przez \u017cycie parkingu i stoimy. Ugrz\u0105\u017ali\u015bmy. Niszczejemy. Nasze opony sflacza\u0142y, wybili nam reflektory, ukradli lusterka. Na pocz\u0105tku to nam nawet za bardzo nie przeszkadza\u0142o. Tak po prostu zaszyli\u015bmy si\u0119\u2026 No, ale w ko\u0144cu zrobi\u0142o si\u0119 to m\u0119cz\u0105ce. Zacz\u0119li\u015bmy si\u0119 dusi\u0107. Przecie\u017c nie do takiego \u017cycia zostali\u015bmy stworzeni, nie takiego \u017cycia pragn\u0119li\u015bmy.<\/p>\n<blockquote><p>Niekt\u00f3re okresy w naszym \u017cyciu mia\u0142y mie\u0107 charakter przej\u015bciowy, a okaza\u0142o si\u0119, \u017ce tak w\u0142a\u015bnie b\u0119dziemy \u017cyli latami. Na pewnych stacjach mieli\u015bmy si\u0119 tylko przesi\u0105\u015b\u0107, a okaza\u0142y si\u0119 stacjami ko\u0144cz\u0105cymi nasz\u0105 podr\u00f3\u017c.<\/p><\/blockquote>\n<p>Pewnego dnia budzimy si\u0119 rano, idziemy do lustra i przygl\u0105damy si\u0119 sobie tak, jakby\u015bmy si\u0119 dawno nie widzieli, zadaj\u0105c pytania: \u201eTo tak ma wygl\u0105da\u0107 reszta mojego \u017cycia? To jest ju\u017c wszystko, na co mnie sta\u0107? Czy to jest ju\u017c wszystko, co los ma mi do zaoferowania? Mam si\u0119 z tym pogodzi\u0107, czy walczy\u0107 dalej?\u201d<\/p>\n<h3>Gdy cz\u0142owiek ugrz\u0105\u017anie\u2026<\/h3>\n<p>Gdy cz\u0142owiek ugrz\u0105\u017anie w swoim \u017cyciu, wydarza si\u0119 kilka rzeczy:<\/p>\n<p><strong>1. <\/strong><strong>Cz\u0142owiek przestaje si\u0119 rozwija\u0107<\/strong><\/p>\n<blockquote><p>\u017bycie ma to do siebie, \u017ce chyba nie da si\u0119 sta\u0107 w miejscu. Albo cz\u0142owiek idzie do przodu, albo si\u0119 cofa. Miejsce, kt\u00f3re kilka lat wcze\u015bniej by\u0142o miejscem wielkiego sukcesu powszednieje i mo\u017ce sta\u0107 si\u0119 miejscem wielkiej pora\u017cki.<\/p><\/blockquote>\n<p>Zgodnie z prawami natury, wszystko, co stoi w miejscu i nie rozwija si\u0119 \u2013 niszczeje. Porzu\u0107 nowiutki samoch\u00f3d na parkingu, a po kilku latach zrobi si\u0119 wrakiem. To, co nie jest w ruchu niszczeje. To, w czym nie ma \u017cycia umiera.<\/p>\n<blockquote><p>Je\u015bli chcesz si\u0119 rozwija\u0107, to powiniene\u015b \u017cy\u0107, i\u015b\u0107 do przodu, zdobywa\u0107 kolejne szczyty!<\/p><\/blockquote>\n<p><strong>2. <\/strong><strong>Cz\u0142owiek traci perspektyw\u0119 i przestaje dostrzega\u0107 mo\u017cliwo\u015bci<\/strong><\/p>\n<p>Zwr\u00f3\u0107 uwag\u0119 na to, \u017ce ludzie, kt\u00f3rzy w swoim \u017cyciu si\u0119 \u201ezawiesili\u201d, nie widz\u0105 mo\u017cliwo\u015bci. To jest typowe, gdy cz\u0142owiek grz\u0105\u017anie &#8211; zaczyna skupia\u0107 si\u0119 wtedy na tym, co niemo\u017cliwe, a tak\u017ce na wym\u00f3wkach, kt\u00f3rymi usprawiedliwia przed\u0142u\u017caj\u0105cy si\u0119 pobyt na bocznicy.<\/p>\n<blockquote><p>Trudno, b\u0119d\u0105c w bezruchu, dostrzec mo\u017cliwo\u015bci.<\/p><\/blockquote>\n<p>Je\u015bli samoch\u00f3d jest porzucony na parkingu, to w ko\u0144cu jego szyby robi\u0105 si\u0119 brudne i niewiele przez nie wida\u0107. Orze\u0142 nie mo\u017ce ca\u0142y czas szybowa\u0107 w przestworzach, ale gdy nie szybuje, to jego horyzonty s\u0105 ograniczone. Je\u015bli chcesz zobaczy\u0107 wi\u0119cej, to wzbij si\u0119 do g\u00f3ry i szybuj \u2013 umyj szyby i zacznij jecha\u0107! Niewiele mo\u017cliwo\u015bci pojawia si\u0119, gdy stoimy na parkingu.<\/p>\n<p><strong>3. <\/strong><strong>Trudno cz\u0142owiekowi ruszy\u0107 z miejsca<\/strong><\/p>\n<p>Gdy ludzie s\u0105 w ruchu, nie trudno podejmowa\u0107 si\u0119 nowych zada\u0144, czy wyzwa\u0144 i doskonale radzi\u0107 sobie z nimi. Inaczej jest z tymi, kt\u00f3rzy si\u0119 zawiesili.<\/p>\n<blockquote><p>Jako lider wiem, \u017ce je\u015bli chc\u0119, aby kto\u015b zrobi\u0142 co\u015b dobrze i szybko, musz\u0119 delegowa\u0107 to cz\u0142owiekowi, kt\u00f3ry jest zaj\u0119ty i nie ma czasu. Taka osoba jest rozp\u0119dzona i prawdopodobnie stosunkowo szybko poradzi sobie z zadaniem, kt\u00f3re zamierzam jej delegowa\u0107. Je\u015bli &nbsp;natomiast to samo zadanie pr\u00f3buj\u0119 delegowa\u0107 cz\u0142owiekowi, kt\u00f3ry si\u0119 zawiesi\u0142, to cho\u0107 ma du\u017co czasu, zwykle jest to droga przez m\u0119k\u0119. Rzadko taka osoba robi to, o co j\u0105 prosz\u0119, tak jak nale\u017cy.<\/p><\/blockquote>\n<p>To jest jak samoch\u00f3d. Gdy na co dzie\u0144 nim je\u017adzisz, w ka\u017cdej chwili mo\u017cesz go odpali\u0107 i ruszy\u0107. Ale spr\u00f3buj odpali\u0107 samoch\u00f3d, kt\u00f3ry sta\u0142 na parkingu przez pi\u0119\u0107 lat i gdzie\u015b nim pojecha\u0107! W oponach nie ma powietrza, przez szyby nic nie wida\u0107, akumulator wy\u0142adowany, albo ukradziony, nie wiadomo, co tam w baku \u2013 jednym s\u0142owem, trzeba na warsztat, a nie na autostrad\u0119!<\/p>\n<p>I wcale nie chodzi o to, \u017ce ludzie, kt\u00f3rzy w \u017cyciu ugrz\u0105\u017ali nie maj\u0105 mo\u017cliwo\u015bci, aby si\u0119 wyrwa\u0107. Maj\u0105, bo mo\u017cliwo\u015bci pojawiaj\u0105 si\u0119 co jaki\u015b czas, ale problem polega na tym, \u017ce s\u0105 one po\u0142\u0105czone z ryzykiem, a cz\u0142owiek, kt\u00f3ry ugrz\u0105z\u0142, albo nie ma ochoty, albo te\u017c odwagi, aby z tym ryzykiem si\u0119 zmierzy\u0107.<\/p>\n<p><strong>4. <\/strong><strong>Cz\u0142owiek zaczyna odczuwa\u0107 frustracj\u0119 z powodu miejsca, w kt\u00f3rym si\u0119 znajduje<\/strong><\/p>\n<p>Szczeg\u00f3lnie osoby ambitne, kt\u00f3re wzywa przeznaczenie, gdy na d\u0142u\u017cszy czas ugrz\u0105zn\u0105 w miejscu przestoju, to zaczynaj\u0105 si\u0119 m\u0119czy\u0107 i dusi\u0107. Ogarnia je przygn\u0119bienie i frustracja. Chce im si\u0119 krzycze\u0107. Ich serce jest miotane negatywnymi uczuciami, kt\u00f3rymi czasami daj\u0105 upust, odreagowuj\u0105c na otoczeniu. Robi\u0105 si\u0119 marudni.<\/p>\n<p>Nie do\u015bwiadczaj\u0105 spe\u0142nienia. Czasami odgrywaj\u0105 rol\u0119 cz\u0142owieka szcz\u0119\u015bliwego, albo po prostu s\u0105 zrz\u0119dami i marudami.<\/p>\n<p><strong>5. <\/strong><strong>Poczucie warto\u015bci cz\u0142owieka znacz\u0105co si\u0119 obni\u017ca<\/strong><\/p>\n<p>Rzeczy opisane powy\u017cej zaczynaj\u0105 w ko\u0144cu przek\u0142ada\u0107 si\u0119 na samoocen\u0119 i postrzeganie w\u0142asnej warto\u015bci, szczeg\u00f3lnie wtedy, gdy cz\u0142owiek por\u00f3wnuje si\u0119 z innymi lud\u017ami, kt\u00f3rzy w jego oczach radz\u0105 sobie zdecydowanie lepiej ni\u017c on. Pojawiaj\u0105 si\u0119 pytania: \u201eCo jest ze mn\u0105 nie tak? Czego mi brakuje? Dlaczego<em> ja<\/em> nie potrafi\u0119 wybudowa\u0107 dobrego \u017cycia?\u201d<\/p>\n<p>W takim miejscu bardzo \u0142atwo sob\u0105 wzgardzi\u0107 i zacz\u0105\u0107 si\u0119 poni\u017ca\u0107. \u0141atwo jest uwierzy\u0107 w to, \u017ce jest si\u0119 nikim, nieudacznikiem, cz\u0142owiekiem skazanym na pora\u017ck\u0119, a w najlepszym razie na przeci\u0119tno\u015b\u0107.<\/p>\n<p>Z takiego miejsca jeste\u015bmy ju\u017c tylko o krok od pogodzenia si\u0119 z szaro\u015bci\u0105 powszednio\u015bci i zrezygnowania z naszych Wielkich Marze\u0144 i upragnionego Przeznaczenia.<\/p>\n<h3>Czy w swoim \u017cyciu ugrz\u0105z\u0142e\u015b?<\/h3>\n<p><a href=\"http:\/\/instytutdidaskalos.pl\/wp-content\/uploads\/2017\/12\/Obraz_231_Lwow_.jpg\"><img decoding=\"async\" loading=\"lazy\" class=\"aligncenter size-full wp-image-9860\" src=\"http:\/\/instytutdidaskalos.pl\/wp-content\/uploads\/2017\/12\/Obraz_231_Lwow_.jpg\" alt=\"Obraz_231_Lwow_\" width=\"800\" height=\"600\"><\/a><\/p>\n<p><strong>Postaw sobie poni\u017csze pytania i spr\u00f3buj na nie szczerze odpowiedzie\u0107:<\/strong><\/p>\n<p>1. Czy zatrzyma\u0142e\u015b si\u0119 w swoim osobistym rozwoju, a nawet zacz\u0105\u0142e\u015b si\u0119 cofa\u0107?<\/p>\n<ul>\n<li>Czy miejsce, kt\u00f3re kilka lat wcze\u015bniej postrzega\u0142e\u015b za miejsce swojego wielkiego sukcesu, dzisiaj postrzegasz za miejsce pora\u017cki?<\/li>\n<li>Czy przesta\u0142e\u015b \u015bwiadomie d\u0105\u017cy\u0107 do przodu i zdobywa\u0107 kolejne szczyty?<\/li>\n<\/ul>\n<p>2. Czy straci\u0142e\u015b perspektyw\u0119 i zaczyna Ci si\u0119 wydawa\u0107, \u017ce jeste\u015b ograniczony brakiem mo\u017cliwo\u015bci?<\/p>\n<ul>\n<li>Czy trudno Ci dostrzec mo\u017cliwo\u015bci?<\/li>\n<li>Czy masz ograniczone horyzonty i trudno Ci widzie\u0107 rzeczy w szerszej perspektywie, ni\u017c kolejny miesi\u0105c?<\/li>\n<\/ul>\n<p>3. Czy trudno Ci si\u0119 zmobilizowa\u0107, aby przyst\u0105pi\u0107 do dzia\u0142ania?<\/p>\n<ul>\n<li>Czy s\u0105 rzeczy, kt\u00f3re koniecznie powiniene\u015b zrobi\u0107 \u2013 ale trudno Ci si\u0119 za nie zabra\u0107?<\/li>\n<li>Czy trudno Ci podejmowa\u0107 nowe zadania i wyzwania?<\/li>\n<li>Czy, gdy pojawiaj\u0105 si\u0119 fenomenalne mo\u017cliwo\u015bci, to brakuje Ci si\u0142y i odwagi, aby zaryzykowa\u0107?<\/li>\n<\/ul>\n<p>4. Czy zaczynasz odczuwa\u0107 frustracj\u0119 z powodu miejsca, w kt\u00f3rym jeste\u015b?<\/p>\n<ul>\n<li>Czy zacz\u0105\u0142e\u015b si\u0119 m\u0119czy\u0107 i dusi\u0107 w miejscu, w kt\u00f3rym jeste\u015b? Czy ogarnia Ci\u0119 przygn\u0119bienie i frustracja? Czy czasami chce Ci si\u0119 krzycze\u0107?<\/li>\n<li>Czy czasami odreagowujesz swoje negatywne emocje na otoczeniu, albo jeste\u015b marudny?<\/li>\n<\/ul>\n<p>5. Czy Twoje poczucie warto\u015bci obni\u017cy\u0142o si\u0119 z powodu miejsca, w kt\u00f3rym si\u0119 w \u017cyciu znalaz\u0142e\u015b?<\/p>\n<p>6. Gdyby Twoi przyjaciele mieli szczerze oceni\u0107 miejsce, w kt\u00f3rym jeste\u015b, to powiedzieliby: \u201eOn ugrz\u0105z\u0142\u201d?<\/p>\n<p>7. Czy Ty, w g\u0142\u0119bi serca, uwa\u017casz, \u017ce w swoim \u017cyciu ugrz\u0105z\u0142e\u015b?<\/p>\n<p>Je\u015bli udzieli\u0142e\u015b twierdz\u0105c\u0105 odpowied\u017a na dwa, albo trzy&nbsp; z powy\u017cszych pyta\u0144, to prawdopodobnie w swoim \u017cyciu ugrz\u0105z\u0142e\u015b, albo wkr\u00f3tce ugrz\u0105\u017aniesz.<\/p>\n<p>Je\u015bli twierdz\u0105co odpowiedzia\u0142e\u015b na pi\u0119\u0107, albo wi\u0119cej z powy\u017cszych pyta\u0144, to Tw\u00f3j samoch\u00f3d ma odkr\u0119cone ko\u0142a i bez wysi\u0142ku nigdzie nie pojedzie.<\/p>\n<p>Photo credit: Ewa Po\u0142e\u0107<\/p>\n","protected":false},"excerpt":{"rendered":"<p>Niekt\u00f3re okresy w naszym \u017cyciu mia\u0142y mie\u0107 charakter przej\u015bciowy, a okaza\u0142o si\u0119, \u017ce tak w\u0142a\u015bnie b\u0119dziemy \u017cyli latami. Na pewnych stacjach mieli\u015bmy si\u0119 tylko przesi\u0105\u015b\u0107, a okaza\u0142y si\u0119 stacjami ko\u0144cz\u0105cymi nasz\u0105 podr\u00f3\u017c.<\/p>\n","protected":false},"author":1,"featured_media":9860,"comment_status":"open","ping_status":"open","sticky":false,"template":"","format":"image","meta":{"_et_pb_use_builder":"","_et_pb_old_content":"","_et_gb_content_width":"","ngg_post_thumbnail":0},"categories":[150,151,226,10,103,12,73],"tags":[277,416,335,448,90,289,429,449,9,285,420,450,451,452,453,238],"jetpack_featured_media_url":"","_links":{"self":[{"href":"https:\/\/test.instytutdidaskalos.pl\/index.php?rest_route=\/wp\/v2\/posts\/2293"}],"collection":[{"href":"https:\/\/test.instytutdidaskalos.pl\/index.php?rest_route=\/wp\/v2\/posts"}],"about":[{"href":"https:\/\/test.instytutdidaskalos.pl\/index.php?rest_route=\/wp\/v2\/types\/post"}],"author":[{"embeddable":true,"href":"https:\/\/test.instytutdidaskalos.pl\/index.php?rest_route=\/wp\/v2\/users\/1"}],"replies":[{"embeddable":true,"href":"https:\/\/test.instytutdidaskalos.pl\/index.php?rest_route=%2Fwp%2Fv2%2Fcomments&post=2293"}],"version-history":[{"count":0,"href":"https:\/\/test.instytutdidaskalos.pl\/index.php?rest_route=\/wp\/v2\/posts\/2293\/revisions"}],"wp:featuredmedia":[{"embeddable":true,"href":"https:\/\/test.instytutdidaskalos.pl\/index.php?rest_route=\/"}],"wp:attachment":[{"href":"https:\/\/test.instytutdidaskalos.pl\/index.php?rest_route=%2Fwp%2Fv2%2Fmedia&parent=2293"}],"wp:term":[{"taxonomy":"category","embeddable":true,"href":"https:\/\/test.instytutdidaskalos.pl\/index.php?rest_route=%2Fwp%2Fv2%2Fcategories&post=2293"},{"taxonomy":"post_tag","embeddable":true,"href":"https:\/\/test.instytutdidaskalos.pl\/index.php?rest_route=%2Fwp%2Fv2%2Ftags&post=2293"}],"curies":[{"name":"wp","href":"https:\/\/api.w.org\/{rel}","templated":true}]}}