{"id":1793,"date":"2011-05-13T11:38:49","date_gmt":"2011-05-13T11:38:49","guid":{"rendered":"http:\/\/instytutdidaskalos.pl\/?p=1793"},"modified":"2011-05-13T11:38:49","modified_gmt":"2011-05-13T11:38:49","slug":"miejscowosc-nowy-kosciol-historyczne-podroze-protestanckie","status":"publish","type":"post","link":"https:\/\/test.instytutdidaskalos.pl\/?p=1793","title":{"rendered":"Nowy Ko\u015bci\u00f3\u0142 (niem. Neukirch) \u2013 podr\u00f3\u017ce historyczne"},"content":{"rendered":"<div id=\"attachment_1796\" style=\"width: 310px\" class=\"wp-caption alignright\"><a href=\"http:\/\/instytutdidaskalos.pl\/wp-content\/uploads\/2011\/05\/Dawna-pastor\u00f3wka-obecnie-kaplica-ko\u015bcio\u0142a-Ewangelicko-Augsburskiego.jpg\"><img decoding=\"async\" loading=\"lazy\" aria-describedby=\"caption-attachment-1796\" class=\"size-medium wp-image-1796\" title=\"Nowy Kosciol\" src=\"http:\/\/instytutdidaskalos.pl\/wp-content\/uploads\/2011\/05\/Dawna-pastor\u00f3wka-obecnie-kaplica-ko\u015bcio\u0142a-Ewangelicko-Augsburskiego-300x225.jpg\" alt=\"\" width=\"300\" height=\"225\" \/><\/a><p id=\"caption-attachment-1796\" class=\"wp-caption-text\">Dawna pastor\u00f3wka, obecnie kaplica ko\u015bcio\u0142a Ewangelicko-Augsburskiego<\/p><\/div>\n<p>Zapraszam na cykl podr\u00f3\u017cy do miejscowo\u015bci i miejsc, kt\u00f3re w swojej historii zapisa\u0142y si\u0119 jako miejsca maj\u0105ce wp\u0142yw na rozw\u00f3j protestantyzmu.<\/p>\n<p><a href=\"http:\/\/pl.wikipedia.org\/wiki\/Nowy_Ko\u015bci\u00f3\u0142\" target=\"_blank\" rel=\"noopener\">Nowy Ko\u015bci\u00f3\u0142<\/a> (niem. Neukirch) &#8211; wie\u015b w gminie \u015awierzawa, powiat z\u0142otoryjski, wojew\u00f3dztwo dolno\u015bl\u0105skie.<\/p>\n<p>Jad\u0105c samochodem drog\u0105 mi\u0119dzy Jeleni\u0105 G\u00f3r\u0105, a Z\u0142otoryj\u0105 przeje\u017cd\u017camy przez wie\u015b o nazwie Nowy Ko\u015bci\u00f3\u0142. Na pierwsze spojrzenie miejscowo\u015b\u0107 nie robi wi\u0119kszego wra\u017cenia. Jednak wra\u017cenia s\u0105 cz\u0119sto myl\u0105ce.\u00a0 Jest to jedna z nielicznych miejscowo\u015bci na \u015al\u0105sku, kt\u00f3ra mia\u0142a wp\u0142yw na rozw\u00f3j reformacji w ca\u0142ym regionie \u015al\u0105ska.<\/p>\n<p><!--more--><\/p>\n<p>Pierwsze wzmianki o miejscowo\u015bci w dokumentach pochodz\u0105 z 1228 r. pod nazw\u0105 Nova ecclesia, a od\u00a0 XIV w. w dokumentach stosowano nazw\u0119 Neukirch. Miejscowo\u015b\u0107 do 1312 r. nale\u017ca\u0142a do ksi\u0119cia jaworskiego, i tego\u017c roku naby\u0142 j\u0105 r\u00f3d von Zedlitz\u00f3w.<\/p>\n<div id=\"attachment_4407\" style=\"width: 310px\" class=\"wp-caption alignnone\"><a href=\"http:\/\/instytutdidaskalos.pl\/wp-content\/uploads\/2011\/05\/Dawny-ko\u015bci\u00f3\u0142-ewangelicki..jpg\"><img decoding=\"async\" loading=\"lazy\" aria-describedby=\"caption-attachment-4407\" class=\"size-medium wp-image-4407\" src=\"http:\/\/instytutdidaskalos.pl\/wp-content\/uploads\/2011\/05\/Dawny-ko\u015bci\u00f3\u0142-ewangelicki.-300x224.jpg\" alt=\"Dawny ko\u015bci\u00f3\u0142 ewangelicki.\" width=\"300\" height=\"224\" \/><\/a><p id=\"caption-attachment-4407\" class=\"wp-caption-text\">Dawny ko\u015bci\u00f3\u0142 ewangelicki<\/p><\/div>\n<p>W 1319 r. wzniesiono zamek. Obecnie zachowa\u0142y si\u0119 tylko \u015blady jego istnienia w postaci pozosta\u0142o\u015bci parku, fos i bramy z pierwszej po\u0142owy XIX w. Jeszcze po zako\u0144czeniu II wojny \u015bwiatowej istnia\u0142 okaza\u0142y neogotycki pa\u0142ac (zbudowany na miejscu starego zamku), kt\u00f3ry nie zosta\u0142 zagospodarowany, uleg\u0142 zniszczeniu po wojnie, a w ko\u0144cu zosta\u0142 rozebrany. Ten stary zamek by\u0142 miejscem, w kt\u00f3rego murach w 1518 r. wyg\u0142oszono pierwsze w historii \u015al\u0105ska kazanie reformacyjne. Zosta\u0142o ono wyg\u0142oszone przez ucznia Marcina Lutra, Melchiora Hoffmana.<\/p>\n<p>Rodzina von Zedlitz\u00f3w przyj\u0119\u0142a\u00a0 nauk\u0119 Lutra i pan zamku sta\u0142 si\u0119 jej gorliwym propagatorem\u00a0 na terenie \u015al\u0105ska, tak \u017ce po pewnym czasie miejscowo\u015b\u0107 by\u0142a centrum rozwoju luteranizmu (reformacji). Tutaj te\u017c powsta\u0142a pierwsza szko\u0142a dla pastor\u00f3w. Jedn\u0105 z najcenniejszych pami\u0105tek ocala\u0142ych z pa\u0142acu jest obraz \u201eKazanie Lutra\u201d z 1580 r. znajduj\u0105cy si\u0119 obecnie w Muzeum Archidiecezjalnym we Wroc\u0142awiu.<\/p>\n<p>We wsi mo\u017cna obejrze\u0107 pi\u0119kny ko\u015bci\u00f3\u0142 lutera\u0144ski (obecnie katolicki) wybudowany w latach 1749-1754 oraz jego wie\u017c\u0119 z 1853 r. W murach ko\u015bcio\u0142a oraz\u00a0 otaczaj\u0105cym go murze,\u00a0 znajduj\u0105 si\u0119\u00a0 fragmenty nagrobk\u00f3w i epitafi\u00f3w z XVII-XIX w. Obok ko\u015bcio\u0142a znajduje si\u0119 dawna pastor\u00f3wka, obecnie kaplica ko\u015bcio\u0142a Ewangelicko-Augsburskiego.<\/p>\n<p>Ponadto we wsi mo\u017cna zobaczy\u0107:<\/p>\n<ul>\n<li>ruiny roma\u0144skiego ko\u015bcio\u0142a wzmiankowanego w 1228 r. (od lat 20 XIX w. nie jest u\u017cytkowany),<\/li>\n<li>d\u0105b szypu\u0142kowy o obwodzie 570 cm przy ul. Kolejowej,<\/li>\n<li>krater wulkaniczny Jeziorna, malowniczy prze\u0142om rzeki Kaczawy.<\/li>\n<\/ul>\n<p>W 1895 wybudowano lini\u0119 kolejow\u0105 ze \u015awierzawy do Z\u0142otoryi.<\/p>\n<p>Okolice Nowego Ko\u015bcio\u0142a s\u0142yn\u0105 z najwi\u0119kszych i najbogatszych z\u0142\u00f3\u017c agat\u00f3w w Sudetach oraz z\u0142\u00f3\u017c rud miedzi, kt\u00f3r\u0105 wydobywano w g\u0142\u0119binowej kopalni \u201eNowy Ko\u015bci\u00f3\u0142\u201d w latach 1955-1968.<\/p>\n<p>Je\u015bli b\u0119dziesz w okolicy, odwied\u017a t\u0119 wyj\u0105tkow\u0105 miejscowo\u015b\u0107\u2026<\/p>\n<h3><strong>Linki<\/strong><\/h3>\n<p><a href=\"http:\/\/gesichter-der-reformation.eu\/files\/gdr\/content\/downloads\/pl_przewodnik_po_zabytkach_reformacji.pdf\" target=\"_blank\" rel=\"noopener\">Przewodnik po zabytkach reformacji na \u0141u\u017cycach G\u00f3rnych i Dolnym \u015al\u0105sku.<\/a><\/p>\n<p><a href=\"https:\/\/szukajacboga.pl\/moja-historia\/\" target=\"_blank\" rel=\"noopener\">Historie \u2026<\/a><\/p>\n","protected":false},"excerpt":{"rendered":"<p>Zapraszam na cykl podr\u00f3\u017cy do miejscowo\u015bci i miejsc, kt\u00f3re w swojej historii zapisa\u0142y si\u0119 jako miejsca maj\u0105ce wp\u0142yw na rozw\u00f3j protestantyzmu. Nowy Ko\u015bci\u00f3\u0142 (niem. Neukirch) &#8211; wie\u015b w gminie \u015awierzawa, powiat z\u0142otoryjski, wojew\u00f3dztwo dolno\u015bl\u0105skie. Jad\u0105c samochodem drog\u0105 mi\u0119dzy Jeleni\u0105 G\u00f3r\u0105, a Z\u0142otoryj\u0105 przeje\u017cd\u017camy przez wie\u015b o nazwie Nowy Ko\u015bci\u00f3\u0142. Na pierwsze spojrzenie miejscowo\u015b\u0107 nie robi [&hellip;]<\/p>\n","protected":false},"author":1,"featured_media":4406,"comment_status":"open","ping_status":"open","sticky":false,"template":"","format":"standard","meta":{"_et_pb_use_builder":"","_et_pb_old_content":"","_et_gb_content_width":"","ngg_post_thumbnail":0},"categories":[198],"tags":[193,194,195,196,197,137,199,200,201,202,203,204,205,206,207,208,209,210,211,212,213,214,215],"jetpack_featured_media_url":"","_links":{"self":[{"href":"https:\/\/test.instytutdidaskalos.pl\/index.php?rest_route=\/wp\/v2\/posts\/1793"}],"collection":[{"href":"https:\/\/test.instytutdidaskalos.pl\/index.php?rest_route=\/wp\/v2\/posts"}],"about":[{"href":"https:\/\/test.instytutdidaskalos.pl\/index.php?rest_route=\/wp\/v2\/types\/post"}],"author":[{"embeddable":true,"href":"https:\/\/test.instytutdidaskalos.pl\/index.php?rest_route=\/wp\/v2\/users\/1"}],"replies":[{"embeddable":true,"href":"https:\/\/test.instytutdidaskalos.pl\/index.php?rest_route=%2Fwp%2Fv2%2Fcomments&post=1793"}],"version-history":[{"count":0,"href":"https:\/\/test.instytutdidaskalos.pl\/index.php?rest_route=\/wp\/v2\/posts\/1793\/revisions"}],"wp:featuredmedia":[{"embeddable":true,"href":"https:\/\/test.instytutdidaskalos.pl\/index.php?rest_route=\/"}],"wp:attachment":[{"href":"https:\/\/test.instytutdidaskalos.pl\/index.php?rest_route=%2Fwp%2Fv2%2Fmedia&parent=1793"}],"wp:term":[{"taxonomy":"category","embeddable":true,"href":"https:\/\/test.instytutdidaskalos.pl\/index.php?rest_route=%2Fwp%2Fv2%2Fcategories&post=1793"},{"taxonomy":"post_tag","embeddable":true,"href":"https:\/\/test.instytutdidaskalos.pl\/index.php?rest_route=%2Fwp%2Fv2%2Ftags&post=1793"}],"curies":[{"name":"wp","href":"https:\/\/api.w.org\/{rel}","templated":true}]}}