{"id":1369,"date":"2011-02-09T20:04:25","date_gmt":"2011-02-09T20:04:25","guid":{"rendered":"http:\/\/instytutdidaskalos.pl\/?p=1369"},"modified":"2011-02-09T20:04:25","modified_gmt":"2011-02-09T20:04:25","slug":"ksiazka-historia-ruchu-zielonoswiatkowego-i-odnowy-charyzmatycznej","status":"publish","type":"post","link":"https:\/\/test.instytutdidaskalos.pl\/?p=1369","title":{"rendered":"Ksi\u0105\u017cka &#8211; &quot;Historia ruchu zielono\u015bwi\u0105tkowego i odnowy charyzmatycznej&quot;"},"content":{"rendered":"<p><strong>Ponad 520 milion\u00f3w ludzi na ca\u0142ym \u015bwiecie w jakim\u015b stopniu w\u0142\u0105czy\u0142o si\u0119 w ruch zielono\u015bwi\u0105tkowy i odnow\u0119 charyzmatyczn\u0105. Oto ich historia, pocz\u0105wszy od 1 stycznia 1901 roku.<\/strong><\/p>\n<p>W tej wyj\u0105tkowej ksi\u0105\u017cce, zawieraj\u0105cej ponad sto ilustracji i zdj\u0119\u0107, przedstawiono korzenie i rozw\u00f3j &#8222;ruchu Ducha \u015awi\u0119tego&#8221; na przestrzeni dwudziestego stulecia. Vinson Synan, czo\u0142owy historyk ruchu zielono\u015bwi\u0105tkowego i odnowy charyzmatycznej, przygotowa\u0142 dok\u0142adne opracowanie historyczne, z kt\u00f3rego skorzystaj\u0105 zar\u00f3wno zwolennicy ruchu, jak i osoby spoza niego. R\u00f3wnolegle z relacj\u0105 historyczn\u0105 zamieszczono dziesi\u0105tki tekst\u00f3w \u017ar\u00f3d\u0142owych, rzucaj\u0105cych nowe \u015bwiat\u0142o na kluczowe postacie. W oddzielnych rozdzia\u0142ach om\u00f3wiono rol\u0119 kobiet, czarnosk\u00f3rych Amerykan\u00f3w, Latynos\u00f3w, kaznodziej\u00f3w uzdrowie\u0144czych i ewangelist\u00f3w telewizyjnych. Ka\u017cdy rozdzia\u0142 zosta\u0142 napisany przez badacza, b\u0119d\u0105cego autorytetem w danej dziedzinie.<\/p>\n<p><!--more--><\/p>\n<p>W kolorowym rozk\u0142adanym diagramie chronologicznym przedstawiono najwa\u017cniejsze wydarzenia w ka\u017cdym dziesi\u0119cioleciu XX wieku. Wykres w postaci drzewa genealogicznego pozwala pozna\u0107 pochodzenie wszystkich wa\u017cnych grup i ko\u015bcio\u0142\u00f3w, kt\u00f3re w\u0142\u0105czy\u0142y si\u0119 w ruch pentekostalny lub znalaz\u0142y si\u0119 pod jego wyra\u017anym wp\u0142ywem.<\/p>\n<p>Jeden z rozdzia\u0142\u00f3w, opracowany przez Zbigniewa Paska i Wojciecha W\u0142ocha, opisuje histori\u0119 ruchu zielono\u015bwi\u0105tkowego i odnowy charyzmatycznej \u00a0na ziemiach Polski.<\/p>\n<p>Gor\u0105co polecam t\u0119 ksi\u0105\u017ck\u0119 ka\u017cdemu, zainteresowanemu korzeniami ruchu zielono\u015bwi\u0105tkowego, a tak\u017ce fenomenem jego rozwoju na tak pot\u0119\u017cn\u0105 skal\u0119.<\/p>\n<p><a href=\"http:\/\/instytutdidaskalos.pl\/wp-content\/uploads\/2014\/03\/historia-ruchu-zielonoswiatkowego-i-odnowy-charyzmatycznej.pdf\">Pobierz plik PDF fragmentu ksi\u0105zki<\/a><\/p>\n<p>Wydawnictwo: Instytut Wydawniczy Compassion <a href=\"http:\/\/www.compassion.pl\/\" target=\"_blank\" rel=\"noopener\">http:\/\/www.compassion.pl\/<\/a><\/p>\n","protected":false},"excerpt":{"rendered":"<p>Ponad 520 milion\u00f3w ludzi na ca\u0142ym \u015bwiecie w jakim\u015b stopniu w\u0142\u0105czy\u0142o si\u0119 w ruch zielono\u015bwi\u0105tkowy i odnow\u0119 charyzmatyczn\u0105. Oto ich historia, pocz\u0105wszy od 1 stycznia 1901 roku. W tej wyj\u0105tkowej ksi\u0105\u017cce, zawieraj\u0105cej ponad sto ilustracji i zdj\u0119\u0107, przedstawiono korzenie i rozw\u00f3j &#8222;ruchu Ducha \u015awi\u0119tego&#8221; na przestrzeni dwudziestego stulecia. Vinson Synan, czo\u0142owy historyk ruchu zielono\u015bwi\u0105tkowego i [&hellip;]<\/p>\n","protected":false},"author":1,"featured_media":5114,"comment_status":"open","ping_status":"open","sticky":false,"template":"","format":"image","meta":{"_et_pb_use_builder":"","_et_pb_old_content":"","_et_gb_content_width":"","ngg_post_thumbnail":0},"categories":[133],"tags":[137,138,139,140,141,142,143,144,145],"jetpack_featured_media_url":"","_links":{"self":[{"href":"https:\/\/test.instytutdidaskalos.pl\/index.php?rest_route=\/wp\/v2\/posts\/1369"}],"collection":[{"href":"https:\/\/test.instytutdidaskalos.pl\/index.php?rest_route=\/wp\/v2\/posts"}],"about":[{"href":"https:\/\/test.instytutdidaskalos.pl\/index.php?rest_route=\/wp\/v2\/types\/post"}],"author":[{"embeddable":true,"href":"https:\/\/test.instytutdidaskalos.pl\/index.php?rest_route=\/wp\/v2\/users\/1"}],"replies":[{"embeddable":true,"href":"https:\/\/test.instytutdidaskalos.pl\/index.php?rest_route=%2Fwp%2Fv2%2Fcomments&post=1369"}],"version-history":[{"count":0,"href":"https:\/\/test.instytutdidaskalos.pl\/index.php?rest_route=\/wp\/v2\/posts\/1369\/revisions"}],"wp:featuredmedia":[{"embeddable":true,"href":"https:\/\/test.instytutdidaskalos.pl\/index.php?rest_route=\/"}],"wp:attachment":[{"href":"https:\/\/test.instytutdidaskalos.pl\/index.php?rest_route=%2Fwp%2Fv2%2Fmedia&parent=1369"}],"wp:term":[{"taxonomy":"category","embeddable":true,"href":"https:\/\/test.instytutdidaskalos.pl\/index.php?rest_route=%2Fwp%2Fv2%2Fcategories&post=1369"},{"taxonomy":"post_tag","embeddable":true,"href":"https:\/\/test.instytutdidaskalos.pl\/index.php?rest_route=%2Fwp%2Fv2%2Ftags&post=1369"}],"curies":[{"name":"wp","href":"https:\/\/api.w.org\/{rel}","templated":true}]}}