{"id":1204,"date":"2013-07-17T12:17:54","date_gmt":"2013-07-17T10:17:54","guid":{"rendered":"http:\/\/uczniostwo.czasnawzrost.pl\/?p=1204"},"modified":"2013-07-17T12:17:54","modified_gmt":"2013-07-17T10:17:54","slug":"chodzenie-w-duchu-swietym-cz-1-wywiad-z-biskupem-markiem-kaminskim","status":"publish","type":"post","link":"https:\/\/test.instytutdidaskalos.pl\/?p=1204","title":{"rendered":"Chodzenie w Duchu \u015awi\u0119tym, cz. 1 &#8211; Wywiad z bp Markiem Kami\u0144skim"},"content":{"rendered":"<p><iframe loading=\"lazy\" src=\"http:\/\/www.youtube.com\/embed\/ywfFq4MpOhk?rel=0\" height=\"315\" width=\"560\" allowfullscreen=\"\" frameborder=\"0\"><\/iframe><\/p>\n<p><b>Andrzej Mytych: Chcia\u0142bym skorzysta\u0107 z mo\u017cliwo\u015bci, kt\u00f3r\u0105 daje nasze spotkanie i zda\u0107 kilka pyta\u0144 na temat Ducha \u015awi\u0119tego. Nie da si\u0119 ukry\u0107, \u017ce biskup jest zafascynowany tematem Ducha \u015awi\u0119tego, do\u015bwiadczaniem Ducha \u015awi\u0119tego, prze\u017cy\u0107 zielono\u015bwi\u0105tkowych. Sk\u0105d ta fascynacja?\u00a0<\/b><\/p>\n<p><!--more-->Marek Kami\u0144ski: Mo\u017ce dlatego, \u017ce czuj\u0119 si\u0119 grzesznym cz\u0142owiekiem, kt\u00f3ry desperacko potrzebuje obecno\u015bci Bo\u017cej tu i teraz.<\/p>\n<p>Desperacka potrzeba Bo\u017cej obecno\u015bci jest wielowymiarowa i cz\u0119sto przychodzi taki moment, kiedy stwierdzam, \u017ce nie radz\u0119 sobie sam. To dotyczy mojego osobistego \u017cycia, mojego u\u015bwi\u0119cenia, rodziny, relacji wewn\u0105trz rodziny, s\u0142u\u017cby, kaznodziejstwa, modlitwy o ludzi, ewangelizacji. Patrz\u0105c na ka\u017cd\u0105 z tych dziedzin \u017cycia i s\u0142u\u017cby, widz\u0119, co si\u0119 dzieje, kiedy cz\u0142owiek robi rzeczy w swojej mocy i sile, a kiedy Duch \u015awi\u0119ty zaczyna dzia\u0142a\u0107, sprawy si\u0119 zmieniaj\u0105.<\/p>\n<p>My\u015bl\u0119, \u017ce jest to fascynacja, ale r\u00f3wnie\u017c samo \u017cycie. Potrzebuj\u0119 Boga, potrzebuj\u0119 dzia\u0142ania Ducha \u015awi\u0119tego w moim \u017cyciu i s\u0142u\u017cbie. Moje przekonanie jest takie, \u017ce nie ma cz\u0142owieka, kt\u00f3ry chcia\u0142by s\u0142u\u017cy\u0107 Bogu i m\u00f3g\u0142by swobodnie odsun\u0105\u0107 osob\u0119 Ducha \u015awi\u0119tego na bok i nie my\u015ble\u0107, w jaki spos\u00f3b Mu si\u0119 podda\u0107, w jaki spos\u00f3b by\u0107 kierowanym przez Ducha \u015awi\u0119tego.<\/p>\n<p><b>AM: Dlaczego chrze\u015bcijanin potrzebuje Ducha \u015awi\u0119tego? Jaka jest rola Ducha \u015awi\u0119tego w jego \u017cyciu? <\/b><\/p>\n<p>MK: Ka\u017cde dzie\u0142o Bo\u017ce w \u017cyciu wierz\u0105cego cz\u0142owieka jest wykonane przez Ducha \u015awi\u0119tego.<a href=\"http:\/\/instytutdidaskalos.pl\/wp-content\/uploads\/2014\/05\/bp_Marek_Kamnski_Kar\u0142owice_2013_wywiad.png\"><img decoding=\"async\" loading=\"lazy\" class=\"alignright size-medium wp-image-5581\" alt=\"bp_Marek_Kamnski_Kar\u0142owice_2013_wywiad\" src=\"http:\/\/instytutdidaskalos.pl\/wp-content\/uploads\/2014\/05\/bp_Marek_Kamnski_Kar\u0142owice_2013_wywiad-300x157.png\" width=\"300\" height=\"157\" \/><\/a> M\u00f3wimy i wierzymy, \u017ce Jezus umar\u0142 za nasze grzechy, a t\u0105 jedn\u0105 ofiar\u0105 usprawiedliwi\u0142 nas i u\u015bwi\u0119ci\u0142. Nawr\u00f3cenie, przyj\u015bcie do Jezusa pod krzy\u017c, uwierzenie, \u017ce ofiara na Golgocie zmienia \u017cycie, wszystko to odbywa si\u0119 poprzez dzia\u0142anie Ducha \u015awi\u0119tego w nas. To On przekonuje o grzechu, sprawiedliwo\u015bci i s\u0105dzie. Mo\u017cna czyta\u0107 S\u0142owo Bo\u017ce jak ksi\u0105\u017ck\u0119, albo mo\u017cna czyta\u0107 i p\u0142aka\u0107, bo Duch \u015awi\u0119ty dotyka tym S\u0142owem serc.<\/p>\n<blockquote><p>Duch \u015awi\u0119ty dzia\u0142a by wykona\u0107 dzie\u0142a Bo\u017ce i Jego wol\u0119 w naszym \u017cyciu. Bez ukrytego i jawnego dzia\u0142ania Ducha \u015awi\u0119tego nic si\u0119 nie da zrobi\u0107 na tej ziemi.<\/p><\/blockquote>\n<p><b>AM: Prosz\u0119 mi opowiedzie\u0107 o kilku do\u015bwiadczeniach, kt\u00f3re biskup mia\u0142 z Duchem \u015awi\u0119tym.<\/b><\/p>\n<p>MK: Prze\u017cy\u0142em chrzest Duchem \u015awi\u0119tym kr\u00f3tko po moim nawr\u00f3ceniu. To by\u0142 szczeg\u00f3lny moment, po cz\u0119\u015bci wynika\u0142 z naszego nauczania, ze \u015bwiadomo\u015bci \u015brodowiskowej, czyli osoba, kt\u00f3ra odda\u0142a swe \u017cycie Jezusowi powinna zabiega\u0107 o chrzest Duchem \u015awi\u0119tym.<\/p>\n<p>Trzy miesi\u0105ce po moim nawr\u00f3ceniu, modli\u0142em si\u0119 gorliwie i prze\u017cy\u0142em chrzest Duchem \u015awi\u0119tym, zacz\u0105\u0142em m\u00f3wi\u0107 j\u0119zykami. Potem mia\u0142em sytuacje, gdzie spotka\u0142em si\u0119 z bardzo jawnym, niezwykle intensywnym dzia\u0142aniem Ducha \u015awi\u0119tego. Silnie prze\u017cy\u0142em moje powo\u0142anie do s\u0142u\u017cby. To by\u0142o dzie\u0142o Ducha \u015awi\u0119tego, kt\u00f3re odczuwa\u0142em do\u015b\u0107 namacalnie, odczuwa\u0142em to w moich my\u015blach, w ca\u0142ym moim jestestwie.<\/p>\n<p>Wiele lat p\u00f3\u017aniej wielokrotnie do\u015bwiadcza\u0142em dzia\u0142ania Ducha \u015awi\u0119tego w s\u0142u\u017cbie. Nauczy\u0142em si\u0119 jednego. To jest cudowne, kiedy Duch \u015awi\u0119ty dzia\u0142a i pomaga ludziom, kt\u00f3rym us\u0142uguj\u0119. Modl\u0119 si\u0119 i B\u00f3g odpowiada na modlitwy, ludzie s\u0105 uzdrawiani, rozwi\u0105zywane s\u0105 problemy, zaczynaj\u0105 nowe \u017cycie. To s\u0105 rzeczy, kt\u00f3rych ja nie jestem w stanie uczyni\u0107. Kiedy zaczyna dzia\u0107 si\u0119 co\u015b dobrego, jest to dzie\u0142o Bo\u017ce.<\/p>\n<p>Czasem spotyka\u0142em si\u0119 z radykalnymi, wspania\u0142ymi decyzjami w \u017cyciu ludzi, dotycz\u0105cymi s\u0142u\u017cby, moralno\u015bci, \u017cycia chrze\u015bcija\u0144skiego. To jest mo\u017cliwe tylko dzi\u0119ki temu, \u017ce Duch \u015awi\u0119ty dzia\u0142a. Takich spotka\u0144 mia\u0142em bardzo du\u017co. Nie jestem w stanie wchodzi\u0107 w szczeg\u00f3\u0142y. To s\u0105 kamienie milowe mojego \u017cycia, kt\u00f3re daj\u0105 si\u0142\u0119 nap\u0119dow\u0105 na d\u0142ugi czas. Istnieje ukryte dzia\u0142anie Ducha \u015awi\u0119tego i dopiero po jakim\u015b czasie dostrzegamy, \u017ce B\u00f3g co\u015b w nas robi\u0142. To dzia\u0142anie, kt\u00f3rego nie odczuwamy, a\u017c tu po jakim\u015b czasie wniosek jest oczywisty i nie do odrzucenia.<\/p>\n<p><a href=\"http:\/\/instytutdidaskalos.pl\/wywiady\/chodzenie-w-duchu-swietym-cz-2-wywiad-z-biskupem-markiem-kaminskim\">Kliknij<\/a>, aby zapozna\u0107 si\u0119 z <a href=\"http:\/\/instytutdidaskalos.pl\/wywiady\/chodzenie-w-duchu-swietym-cz-2-wywiad-z-biskupem-markiem-kaminskim\">nast\u0119pn\u0105 cz\u0119\u015bci\u0105 wywiadu<\/a>.<\/p>\n","protected":false},"excerpt":{"rendered":"<p>Andrzej Mytych: Chcia\u0142bym skorzysta\u0107 z mo\u017cliwo\u015bci, kt\u00f3r\u0105 daje nasze spotkanie i zda\u0107 kilka pyta\u0144 na temat Ducha \u015awi\u0119tego. Nie da si\u0119 ukry\u0107, \u017ce biskup jest zafascynowany tematem Ducha \u015awi\u0119tego, do\u015bwiadczaniem Ducha \u015awi\u0119tego, prze\u017cy\u0107 zielono\u015bwi\u0105tkowych. Sk\u0105d ta fascynacja?\u00a0<\/p>\n","protected":false},"author":1,"featured_media":5582,"comment_status":"open","ping_status":"open","sticky":false,"template":"","format":"video","meta":{"_et_pb_use_builder":"","_et_pb_old_content":"","_et_gb_content_width":"","ngg_post_thumbnail":0},"categories":[158,176,177,126],"tags":[442,17,443,444,445,295,60,446,447,156],"jetpack_featured_media_url":"","_links":{"self":[{"href":"https:\/\/test.instytutdidaskalos.pl\/index.php?rest_route=\/wp\/v2\/posts\/1204"}],"collection":[{"href":"https:\/\/test.instytutdidaskalos.pl\/index.php?rest_route=\/wp\/v2\/posts"}],"about":[{"href":"https:\/\/test.instytutdidaskalos.pl\/index.php?rest_route=\/wp\/v2\/types\/post"}],"author":[{"embeddable":true,"href":"https:\/\/test.instytutdidaskalos.pl\/index.php?rest_route=\/wp\/v2\/users\/1"}],"replies":[{"embeddable":true,"href":"https:\/\/test.instytutdidaskalos.pl\/index.php?rest_route=%2Fwp%2Fv2%2Fcomments&post=1204"}],"version-history":[{"count":0,"href":"https:\/\/test.instytutdidaskalos.pl\/index.php?rest_route=\/wp\/v2\/posts\/1204\/revisions"}],"wp:featuredmedia":[{"embeddable":true,"href":"https:\/\/test.instytutdidaskalos.pl\/index.php?rest_route=\/"}],"wp:attachment":[{"href":"https:\/\/test.instytutdidaskalos.pl\/index.php?rest_route=%2Fwp%2Fv2%2Fmedia&parent=1204"}],"wp:term":[{"taxonomy":"category","embeddable":true,"href":"https:\/\/test.instytutdidaskalos.pl\/index.php?rest_route=%2Fwp%2Fv2%2Fcategories&post=1204"},{"taxonomy":"post_tag","embeddable":true,"href":"https:\/\/test.instytutdidaskalos.pl\/index.php?rest_route=%2Fwp%2Fv2%2Ftags&post=1204"}],"curies":[{"name":"wp","href":"https:\/\/api.w.org\/{rel}","templated":true}]}}